{"id":10702,"date":"2025-03-09T10:40:32","date_gmt":"2025-03-09T14:40:32","guid":{"rendered":"https:\/\/agromt.news\/?p=10702"},"modified":"2025-03-09T10:40:32","modified_gmt":"2025-03-09T14:40:32","slug":"frente-fria-vira-o-clima-traz-chuva-e-baixa-temperatura-veja-previsao-para-a-semana","status":"publish","type":"post","link":"https:\/\/agromt.news\/?p=10702","title":{"rendered":"Frente fria vira o clima, traz chuva e baixa temperatura; veja previs\u00e3o para a semana"},"content":{"rendered":"<p> <br \/>\n<br \/><img decoding=\"async\" src=\"https:\/\/agromt.news\/wp-content\/uploads\/2025\/03\/Frente-fria-vira-o-clima-traz-chuva-e-baixa-temperatura.jpg\" \/><\/p>\n<div>\n<p>A semana entre os dias 10 e 14 de mar\u00e7o ser\u00e1 marcada por um cen\u00e1rio de instabilidade em v\u00e1rias partes do Brasil, segundo a an\u00e1lise do meteorologista do Canal Rural, Arthur M\u00fcller. O avan\u00e7o de uma frente fria trar\u00e1 al\u00edvio para \u00e1reas que sofriam com calor e estiagem, principalmente no Sul e Sudeste, enquanto o Norte e Nordeste enfrentar\u00e3o volumes expressivos de precipita\u00e7\u00e3o, aumentando o risco de alagamentos e transtornos urbanos.<\/p>\n<p>Confira como ficam as condi\u00e7\u00f5es em cada regi\u00e3o do pa\u00eds.<\/p>\n<h2 class=\"wp-block-heading\" id=\"h-sul-tera-alivio-na-seca-e-temperaturas-mais-baixas\"><strong>Sul<\/strong> ter\u00e1 al\u00edvio na seca e temperaturas mais baixas<\/h2>\n<p>Na regi\u00e3o Sul, a passagem da frente fria trar\u00e1 <strong>queda de temperatura nas madrugadas<\/strong> no <strong><a href=\"https:\/\/www.canalrural.com.br\/nacional\/rio-grande-do-sul\/\">Rio Grande do Sul<\/a>, Santa Catarina e Paran\u00e1<\/strong>, especialmente em regi\u00f5es serranas. <\/p>\n<p>As m\u00e1ximas ficar\u00e3o mais <strong>amenas no territ\u00f3rio ga\u00facho<\/strong>, ajudando a <strong>reduzir o estresse t\u00e9rmico das lavouras<\/strong> e garantindo um <strong>bom n\u00edvel de umidade do solo<\/strong>. <\/p>\n<p>A chuva ser\u00e1 bem distribu\u00edda, com <strong>acumulados de 50 mm<\/strong> ao longo da semana, o que favorecer\u00e1 o <strong>plantio do milho segunda safra no Paran\u00e1<\/strong>. No entanto, <strong>Curitiba<\/strong> come\u00e7ar\u00e1 a semana com <strong>risco elevado de temporais<\/strong>.<\/p>\n<p>A chegada da frente fria tamb\u00e9m <strong>muda o padr\u00e3o clim\u00e1tico no Sudeste<\/strong>, aumentando a instabilidade principalmente no <strong>sul e leste de S\u00e3o Paulo<\/strong>. O interior paulista, <strong>sul de Minas Gerais e Rio de Janeiro<\/strong> come\u00e7ar\u00e3o o dia com sol, mas o tempo mudar\u00e1 ao longo do per\u00edodo, com <strong>precipita\u00e7\u00f5es intensas<\/strong>. <\/p>\n<p>As chuvas ser\u00e3o <strong>ben\u00e9ficas para o caf\u00e9, a cana-de-a\u00e7\u00facar e o milho segunda safra<\/strong>, proporcionando <strong>recupera\u00e7\u00e3o da umidade do solo<\/strong>. <\/p>\n<p>No entanto, no <strong>litoral paulista e fluminense<\/strong>, os volumes podem ultrapassar <strong>100 mm na semana<\/strong>, gerando risco de <strong>alagamentos<\/strong> e transtornos urbanos.<\/p>\n<\/div>\n<div>\n<h2 class=\"wp-block-heading\" id=\"h-centro-oeste-enfrenta-temporais-em-algumas-areas\"><strong>Centro-Oeste enfrenta temporais em algumas \u00e1reas <\/strong><\/h2>\n<p>No Centro-Oeste, <strong>Mato Grosso enfrentar\u00e1 temporais<\/strong>, especialmente na regi\u00e3o oeste do estado, onde h\u00e1 risco de <strong>excesso de umidade<\/strong> impactando os trabalhos no campo. <strong>Cuiab\u00e1, Sinop e \u00c1gua Boa<\/strong> ter\u00e3o pancadas de chuva com <strong>trovoadas<\/strong>, mas o calor persistir\u00e1. <\/p>\n<p>Em <strong>Mato Grosso do Sul<\/strong>, o cen\u00e1rio \u00e9 mais favor\u00e1vel: as precipita\u00e7\u00f5es entre <strong>50 e 80 mm<\/strong> contribuir\u00e3o para a <strong>recupera\u00e7\u00e3o da umidade<\/strong>, beneficiando as <strong>lavouras rec\u00e9m semeadas de milho<\/strong>. <\/p>\n<p>J\u00e1 no <strong>Distrito Federal e no norte de Goi\u00e1s<\/strong>, o tempo seguir\u00e1 <strong>seco e quente<\/strong>, sem previs\u00e3o de chuvas significativas.<\/p>\n<h3 class=\"wp-block-heading\" id=\"h-nordeste-tera-temporais-no-litoral-e-seca-no-interior\"><strong>Nordeste ter\u00e1 temporais no litoral e seca no interior<\/strong><\/h3>\n<p>A situa\u00e7\u00e3o no Nordeste ser\u00e1 <strong>desigual<\/strong>: enquanto o <strong>norte do Maranh\u00e3o, Piau\u00ed, Cear\u00e1 e Rio Grande do Norte<\/strong> enfrentar\u00e1 <strong>chuvas volumosas<\/strong>, com <strong>acumulados acima de 100 mm<\/strong>, o <strong>centro-oeste e noroeste da Bahia<\/strong> continuar\u00e3o <strong>secos<\/strong>. <\/p>\n<p>Pancadas moderadas tamb\u00e9m s\u00e3o esperadas entre <strong>Salvador e Recife<\/strong>. <\/p>\n<p>Apesar da chuva no litoral, o <strong>interior da Para\u00edba, Pernambuco, Sergipe, Alagoas e Bahia<\/strong> ainda sofrer\u00e1 com <strong>baixa umidade<\/strong>, exigindo <strong>irriga\u00e7\u00e3o suplementar<\/strong>. <\/p>\n<p>Os volumes de precipita\u00e7\u00e3o no interior nordestino devem <strong>ficar abaixo de 30 mm nos pr\u00f3ximos 15 dias<\/strong>, o que <strong>n\u00e3o ser\u00e1 suficiente para um bom desenvolvimento das lavouras<\/strong>.<\/p>\n<h3 class=\"wp-block-heading\" id=\"h-norte-tera-chuvas-intensas-e-risco-de-alagamentos\"><strong>Norte ter\u00e1 chuvas intensas e risco de alagamentos<\/strong><\/h3>\n<p>O Norte do Brasil <strong>seguir\u00e1 com chuvas fortes e persistentes<\/strong>. O alerta vale para <strong>Acre, Rond\u00f4nia, Amazonas, Roraima e centro-norte do Par\u00e1<\/strong>, onde os acumulados podem ultrapassar <strong>150 mm<\/strong>, impactando <strong>as opera\u00e7\u00f5es agr\u00edcolas e aumentando o risco de alagamentos<\/strong>. <\/p>\n<p>No <strong>centro-sul do Par\u00e1 e no Tocantins<\/strong>, as precipita\u00e7\u00f5es devem ser mais moderadas, entre <strong>40 e 50 mm<\/strong>, o que <strong>n\u00e3o prejudica os trabalhos no campo<\/strong>. Al\u00e9m disso, os meteorologistas j\u00e1 monitoram a <strong>eleva\u00e7\u00e3o das \u00e1guas do Pac\u00edfico Equatorial<\/strong>, um fen\u00f4meno que poder\u00e1 reduzir as chuvas na regi\u00e3o a partir de abril, resultado do chamado <strong>El Ni\u00f1o Costeiro<\/strong>.<\/p>\n<\/p><\/div>\n<p><br \/>\n<br \/><a href=\"https:\/\/www.canalrural.com.br\/tempo\/frente-fria-vira-o-clima-traz-chuva-e-baixa-temperatura-veja-previsao-para-a-semana\/\">Source link <\/a><\/p>\n","protected":false},"excerpt":{"rendered":"<p>A semana entre os dias 10 e 14 de mar\u00e7o ser\u00e1 marcada por um cen\u00e1rio de instabilidade em v\u00e1rias partes<\/p>\n","protected":false},"author":1,"featured_media":10703,"comment_status":"open","ping_status":"open","sticky":false,"template":"","format":"standard","meta":{"_monsterinsights_skip_tracking":false,"_monsterinsights_sitenote_active":false,"_monsterinsights_sitenote_note":"","_monsterinsights_sitenote_category":0,"_uf_show_specific_survey":0,"_uf_disable_surveys":false,"footnotes":""},"categories":[1],"tags":[],"class_list":["post-10702","post","type-post","status-publish","format-standard","has-post-thumbnail","hentry","category-news"],"_links":{"self":[{"href":"https:\/\/agromt.news\/index.php?rest_route=\/wp\/v2\/posts\/10702"}],"collection":[{"href":"https:\/\/agromt.news\/index.php?rest_route=\/wp\/v2\/posts"}],"about":[{"href":"https:\/\/agromt.news\/index.php?rest_route=\/wp\/v2\/types\/post"}],"author":[{"embeddable":true,"href":"https:\/\/agromt.news\/index.php?rest_route=\/wp\/v2\/users\/1"}],"replies":[{"embeddable":true,"href":"https:\/\/agromt.news\/index.php?rest_route=%2Fwp%2Fv2%2Fcomments&post=10702"}],"version-history":[{"count":0,"href":"https:\/\/agromt.news\/index.php?rest_route=\/wp\/v2\/posts\/10702\/revisions"}],"wp:featuredmedia":[{"embeddable":true,"href":"https:\/\/agromt.news\/index.php?rest_route=\/wp\/v2\/media\/10703"}],"wp:attachment":[{"href":"https:\/\/agromt.news\/index.php?rest_route=%2Fwp%2Fv2%2Fmedia&parent=10702"}],"wp:term":[{"taxonomy":"category","embeddable":true,"href":"https:\/\/agromt.news\/index.php?rest_route=%2Fwp%2Fv2%2Fcategories&post=10702"},{"taxonomy":"post_tag","embeddable":true,"href":"https:\/\/agromt.news\/index.php?rest_route=%2Fwp%2Fv2%2Ftags&post=10702"}],"curies":[{"name":"wp","href":"https:\/\/api.w.org\/{rel}","templated":true}]}}