{"id":10673,"date":"2025-03-08T10:50:24","date_gmt":"2025-03-08T14:50:24","guid":{"rendered":"https:\/\/agromt.news\/?p=10673"},"modified":"2025-03-08T10:50:24","modified_gmt":"2025-03-08T14:50:24","slug":"tres-historias-de-mulheres-que-fazem-a-diferenca-no-agronegocio","status":"publish","type":"post","link":"https:\/\/agromt.news\/?p=10673","title":{"rendered":"Tr\u00eas hist\u00f3rias de mulheres que fazem a diferen\u00e7a no agroneg\u00f3cio"},"content":{"rendered":"<p> <br \/>\n<br \/><img decoding=\"async\" src=\"https:\/\/agromt.news\/wp-content\/uploads\/2024\/09\/Mulheres-do-campo-e-producao-de-ovelhas-sao-destaques-do.jpg\" \/><\/p>\n<div>\n<p>Neste 8 de mar\u00e7o, Dia Internacional da Mulher, destacamos tr\u00eas trajet\u00f3rias inspiradoras de mulheres que atuam no agro. Em um setor historicamente liderado por homens, elas provam que a agricultura tem espa\u00e7o para todos, independentemente da idade, do ramo ou da experi\u00eancia.<\/p>\n<h2 class=\"wp-block-heading\" id=\"h-no-rio-grande-do-sul-uma-jovem-lidera-a-producao-de-arroz\">No Rio Grande do Sul, uma jovem lidera a produ\u00e7\u00e3o de arroz<\/h2>\n<p>Aos 20 anos, a produtora Eduarda Maria Silveira comanda uma lavoura de arroz em Rio Pardo (RS), seguindo os passos do av\u00f4 e do pai.<\/p>\n<figure class=\"wp-block-embed is-type-video is-provider-youtube wp-block-embed-youtube wp-embed-aspect-16-9 wp-has-aspect-ratio\">\n<p>\n<iframe title=\"Dia da Mulher: jovem produtora comanda lavoura de arroz no Rio Grande do Sul\" width=\"800\" height=\"450\" src=\"https:\/\/www.youtube.com\/embed\/qiRf6d-crt8?feature=oembed\" frameborder=\"0\" allow=\"accelerometer; autoplay; clipboard-write; encrypted-media; gyroscope; picture-in-picture; web-share\" referrerpolicy=\"strict-origin-when-cross-origin\" allowfullscreen><\/iframe><noscript><iframe title=\"Dia da Mulher: jovem produtora comanda lavoura de arroz no Rio Grande do Sul\" width=\"800\" height=\"450\" src=\"https:\/\/www.youtube.com\/embed\/qiRf6d-crt8?feature=oembed\" frameborder=\"0\" allow=\"accelerometer; autoplay; clipboard-write; encrypted-media; gyroscope; picture-in-picture; web-share\" referrerpolicy=\"strict-origin-when-cross-origin\" allowfullscreen><\/iframe><\/noscript>\n<\/p>\n<\/figure>\n<p>\u201cEu j\u00e1 nasci no meio da lavoura, e o amor pelo campo s\u00f3 cresceu. Hoje ajudo meu pai e meu av\u00f4 e pretendo continuar plantando com eles. \u00c9 o que sempre me imaginei fazendo\u201d, afirma.<\/p>\n<p>Eduarda participa de todas as etapas da produ\u00e7\u00e3o, da gest\u00e3o financeira \u00e0 colheita. \u201cAqui, fazemos de tudo: da mec\u00e2nica ao plantio e colheita\u201d, conta. Para ela, o agro tem espa\u00e7o para todos e destaca a import\u00e2ncia das mulheres assumirem pap\u00e9is de lideran\u00e7a. <\/p>\n<p>\u201c\u00c9 um setor desafiador, mas essencial. Produzimos o alimento que chega \u00e0 mesa de todos, e precisamos seguir nossos sonhos.\u201d<\/p>\n<h2 class=\"wp-block-heading\" id=\"h-no-parana-producao-de-frutas-impulsiona-uma-produtora\">No Paran\u00e1, produ\u00e7\u00e3o de frutas impulsiona uma produtora<\/h2>\n<p>Nair Claudia Brongiel Klenk cresceu vendo os pais cultivarem frutas. Ap\u00f3s um per\u00edodo na cidade, decidiu voltar ao campo h\u00e1 26 anos. Hoje, cultiva mais de 15 variedades de peras em Lapa (PR).<\/p>\n<\/div>\n<div>\n<figure class=\"wp-block-embed is-type-video is-provider-youtube wp-block-embed-youtube wp-embed-aspect-16-9 wp-has-aspect-ratio\">\n<p>\n<iframe title=\"Dia da mulher: produtora assume neg\u00f3cios da fam\u00edlia e aposta na fruticultura no Paran\u00e1\" width=\"800\" height=\"450\" src=\"https:\/\/www.youtube.com\/embed\/Brjtn8prh7Y?feature=oembed\" frameborder=\"0\" allow=\"accelerometer; autoplay; clipboard-write; encrypted-media; gyroscope; picture-in-picture; web-share\" referrerpolicy=\"strict-origin-when-cross-origin\" allowfullscreen><\/iframe><noscript><iframe title=\"Dia da mulher: produtora assume neg\u00f3cios da fam\u00edlia e aposta na fruticultura no Paran\u00e1\" width=\"800\" height=\"450\" src=\"https:\/\/www.youtube.com\/embed\/Brjtn8prh7Y?feature=oembed\" frameborder=\"0\" allow=\"accelerometer; autoplay; clipboard-write; encrypted-media; gyroscope; picture-in-picture; web-share\" referrerpolicy=\"strict-origin-when-cross-origin\" allowfullscreen><\/iframe><\/noscript>\n<\/p>\n<\/figure>\n<p>\u201cDesde pequena, sempre fui apaixonada pelo campo. Quando retornei, senti que era o meu lugar. Agora, n\u00e3o me vejo fazendo outra coisa\u201d, conta.<\/p>\n<p>De acordo com o Instituto de Desenvolvimento Rural do Paran\u00e1 (IDR-Paran\u00e1), pelo menos 30 mil mulheres atuam no agro estadual, principalmente em cadeias produtivas como agroecologia, leite, citricultura e caf\u00e9.<\/p>\n<p>Para Claudia, a presen\u00e7a feminina traz um olhar mais detalhado ao setor. \u201cAs mulheres valorizam pequenas coisas que, muitas vezes, passam despercebidas. Isso faz toda a diferen\u00e7a no campo.\u201d<\/p>\n<h2 class=\"wp-block-heading\" id=\"h-no-mato-grosso-da-quimica-para-a-agricultura\">No Mato Grosso, da qu\u00edmica para a agricultura<\/h2>\n<p>Caroline Reolon Yamaji sempre viveu na cidade e se formou em qu\u00edmica em Curitiba (PR). No entanto, durante a pandemia, descobriu sua verdadeira voca\u00e7\u00e3o ao passar tr\u00eas meses na fazenda da fam\u00edlia no Mato Grosso.<\/p>\n<figure class=\"wp-block-embed is-type-video is-provider-youtube wp-block-embed-youtube wp-embed-aspect-16-9 wp-has-aspect-ratio\">\n<p>\n<iframe title=\"Dia da mulher: engenheira qu\u00edmica encontra na lavoura da fam\u00edlia verdadeira voca\u00e7\u00e3o\" width=\"800\" height=\"450\" src=\"https:\/\/www.youtube.com\/embed\/w8zJDGGqFlE?feature=oembed\" frameborder=\"0\" allow=\"accelerometer; autoplay; clipboard-write; encrypted-media; gyroscope; picture-in-picture; web-share\" referrerpolicy=\"strict-origin-when-cross-origin\" allowfullscreen><\/iframe><noscript><iframe title=\"Dia da mulher: engenheira qu\u00edmica encontra na lavoura da fam\u00edlia verdadeira voca\u00e7\u00e3o\" width=\"800\" height=\"450\" src=\"https:\/\/www.youtube.com\/embed\/w8zJDGGqFlE?feature=oembed\" frameborder=\"0\" allow=\"accelerometer; autoplay; clipboard-write; encrypted-media; gyroscope; picture-in-picture; web-share\" referrerpolicy=\"strict-origin-when-cross-origin\" allowfullscreen><\/iframe><\/noscript>\n<\/p>\n<\/figure>\n<p>\u201cFoi quase por acaso. No in\u00edcio, v\u00ednhamos s\u00f3 para passear, mas, com o tempo, comecei a aprender, operar m\u00e1quinas e entender que era isso que eu queria para minha vida\u201d, relembra.<\/p>\n<p>Atualmente, Caroline conduz sozinha as m\u00e1quinas agr\u00edcolas e planeja assumir a gest\u00e3o da propriedade. \u201cHoje, sei que meu futuro est\u00e1 no agro, e quero mostrar que as mulheres t\u00eam um papel fundamental no setor.\u201d<\/p>\n<\/p><\/div>\n<p><br \/>\n<br \/><a href=\"https:\/\/www.canalrural.com.br\/agricultura\/tres-historias-de-mulheres-que-fazem-a-diferenca-no-agronegocio\/\">Source link <\/a><\/p>\n","protected":false},"excerpt":{"rendered":"<p>Neste 8 de mar\u00e7o, Dia Internacional da Mulher, destacamos tr\u00eas trajet\u00f3rias inspiradoras de mulheres que atuam no agro. Em um<\/p>\n","protected":false},"author":1,"featured_media":1986,"comment_status":"open","ping_status":"open","sticky":false,"template":"","format":"standard","meta":{"_monsterinsights_skip_tracking":false,"_monsterinsights_sitenote_active":false,"_monsterinsights_sitenote_note":"","_monsterinsights_sitenote_category":0,"_uf_show_specific_survey":0,"_uf_disable_surveys":false,"footnotes":""},"categories":[1],"tags":[],"class_list":["post-10673","post","type-post","status-publish","format-standard","has-post-thumbnail","hentry","category-news"],"_links":{"self":[{"href":"https:\/\/agromt.news\/index.php?rest_route=\/wp\/v2\/posts\/10673"}],"collection":[{"href":"https:\/\/agromt.news\/index.php?rest_route=\/wp\/v2\/posts"}],"about":[{"href":"https:\/\/agromt.news\/index.php?rest_route=\/wp\/v2\/types\/post"}],"author":[{"embeddable":true,"href":"https:\/\/agromt.news\/index.php?rest_route=\/wp\/v2\/users\/1"}],"replies":[{"embeddable":true,"href":"https:\/\/agromt.news\/index.php?rest_route=%2Fwp%2Fv2%2Fcomments&post=10673"}],"version-history":[{"count":0,"href":"https:\/\/agromt.news\/index.php?rest_route=\/wp\/v2\/posts\/10673\/revisions"}],"wp:featuredmedia":[{"embeddable":true,"href":"https:\/\/agromt.news\/index.php?rest_route=\/wp\/v2\/media\/1986"}],"wp:attachment":[{"href":"https:\/\/agromt.news\/index.php?rest_route=%2Fwp%2Fv2%2Fmedia&parent=10673"}],"wp:term":[{"taxonomy":"category","embeddable":true,"href":"https:\/\/agromt.news\/index.php?rest_route=%2Fwp%2Fv2%2Fcategories&post=10673"},{"taxonomy":"post_tag","embeddable":true,"href":"https:\/\/agromt.news\/index.php?rest_route=%2Fwp%2Fv2%2Ftags&post=10673"}],"curies":[{"name":"wp","href":"https:\/\/api.w.org\/{rel}","templated":true}]}}