{"id":10671,"date":"2025-03-08T09:44:01","date_gmt":"2025-03-08T13:44:01","guid":{"rendered":"https:\/\/agromt.news\/?p=10671"},"modified":"2025-03-08T09:44:01","modified_gmt":"2025-03-08T13:44:01","slug":"intervencao-artificial-nos-precos-dos-alimentos-esta-descartada-diz-favaro","status":"publish","type":"post","link":"https:\/\/agromt.news\/?p=10671","title":{"rendered":"Interven\u00e7\u00e3o artificial nos pre\u00e7os dos alimentos est\u00e1 descartada, diz F\u00e1varo"},"content":{"rendered":"<p> <br \/>\n<br \/><img decoding=\"async\" src=\"https:\/\/agromt.news\/wp-content\/uploads\/2025\/03\/Intervencao-artificial-nos-precos-dos-alimentos-esta-descartada-diz-Favaro.jpeg\" \/><\/p>\n<div>\n<p>O <strong><a href=\"https:\/\/www.canalrural.com.br\/tag\/carlos-favaro\/\">ministro da Agricultura, Carlos F\u00e1varo<\/a><\/strong>, rejeitou a possibilidade de o governo federal realizar uma interven\u00e7\u00e3o artificial nos pre\u00e7os dos alimentos para conter a infla\u00e7\u00e3o. A declara\u00e7\u00e3o foi dada em entrevista \u00e0 GloboNews para comentar as medidas anunciadas pelo governo.<\/p>\n<p>\u201cNada que seja artificial resolve. O fato \u00e9 que, apesar da renda da popula\u00e7\u00e3o ter crescido \u2013 e ningu\u00e9m pode negar isso, especialmente nos dois anos do governo do presidente Lula, em que o desemprego caiu muito, n\u00f3s estamos quase chegando a pleno emprego, e isso faz com que o aumento do consumo tamb\u00e9m aconte\u00e7a\u201d, disse.<\/p>\n<\/div>\n<div>\n<p>Para o ministro Carlos F\u00e1varo, o aumento do consumo, impulsionado pela queda no desemprego, se d\u00e1 em um contexto de alta dos pre\u00e7os dos alimentos no mercado mundial, o que afeta a percep\u00e7\u00e3o a respeito do poder de compra da popula\u00e7\u00e3o. No entanto, ele acredita que as a\u00e7\u00f5es em curso ser\u00e3o fundamentais para frear a alta dos pre\u00e7os. \u201cO governo tem de se preocupar com isso. \u00c9 \u00f3bvio que o governo est\u00e1 tomando medidas, como a redu\u00e7\u00e3o de impostos, porque se preocupa com os impactos\u201d, disse.<\/p>\n<p>F\u00e1varo destacou, ainda, a import\u00e2ncia de campanhas publicit\u00e1rias para informar os consumidores sobre onde os pre\u00e7os est\u00e3o mais baixos. \u201cPrecisamos fazer campanhas publicit\u00e1rias mostrando onde os produtos est\u00e3o mais baratos no Brasil. Esse conjunto de a\u00e7\u00f5es, somado \u00e0 super safra, tenho certeza de que resultar\u00e1 em uma diminui\u00e7\u00e3o significativa no pre\u00e7o dos alimentos no Brasil\u201d, concluiu.<\/p>\n<\/p><\/div>\n<p><br \/>\n<br \/><a href=\"https:\/\/www.canalrural.com.br\/diversos\/intervencao-artificial-nos-precos-dos-alimentos-esta-descartada-diz-favaro\/\">Source link <\/a><\/p>\n","protected":false},"excerpt":{"rendered":"<p>O ministro da Agricultura, Carlos F\u00e1varo, rejeitou a possibilidade de o governo federal realizar uma interven\u00e7\u00e3o artificial nos pre\u00e7os dos<\/p>\n","protected":false},"author":1,"featured_media":1362,"comment_status":"open","ping_status":"open","sticky":false,"template":"","format":"standard","meta":{"_monsterinsights_skip_tracking":false,"_monsterinsights_sitenote_active":false,"_monsterinsights_sitenote_note":"","_monsterinsights_sitenote_category":0,"_uf_show_specific_survey":0,"_uf_disable_surveys":false,"footnotes":""},"categories":[1],"tags":[],"class_list":["post-10671","post","type-post","status-publish","format-standard","has-post-thumbnail","hentry","category-news"],"_links":{"self":[{"href":"https:\/\/agromt.news\/index.php?rest_route=\/wp\/v2\/posts\/10671"}],"collection":[{"href":"https:\/\/agromt.news\/index.php?rest_route=\/wp\/v2\/posts"}],"about":[{"href":"https:\/\/agromt.news\/index.php?rest_route=\/wp\/v2\/types\/post"}],"author":[{"embeddable":true,"href":"https:\/\/agromt.news\/index.php?rest_route=\/wp\/v2\/users\/1"}],"replies":[{"embeddable":true,"href":"https:\/\/agromt.news\/index.php?rest_route=%2Fwp%2Fv2%2Fcomments&post=10671"}],"version-history":[{"count":0,"href":"https:\/\/agromt.news\/index.php?rest_route=\/wp\/v2\/posts\/10671\/revisions"}],"wp:featuredmedia":[{"embeddable":true,"href":"https:\/\/agromt.news\/index.php?rest_route=\/wp\/v2\/media\/1362"}],"wp:attachment":[{"href":"https:\/\/agromt.news\/index.php?rest_route=%2Fwp%2Fv2%2Fmedia&parent=10671"}],"wp:term":[{"taxonomy":"category","embeddable":true,"href":"https:\/\/agromt.news\/index.php?rest_route=%2Fwp%2Fv2%2Fcategories&post=10671"},{"taxonomy":"post_tag","embeddable":true,"href":"https:\/\/agromt.news\/index.php?rest_route=%2Fwp%2Fv2%2Ftags&post=10671"}],"curies":[{"name":"wp","href":"https:\/\/api.w.org\/{rel}","templated":true}]}}