{"id":10662,"date":"2025-03-08T02:53:41","date_gmt":"2025-03-08T06:53:41","guid":{"rendered":"https:\/\/agromt.news\/?p=10662"},"modified":"2025-03-08T02:53:41","modified_gmt":"2025-03-08T06:53:41","slug":"produtores-enfrentam-impacto-da-estiagem","status":"publish","type":"post","link":"https:\/\/agromt.news\/?p=10662","title":{"rendered":"produtores enfrentam impacto da estiagem"},"content":{"rendered":"<p> <br \/>\n<\/p>\n<div>\n<p style=\"text-align:justify\">A colheita da primeira safra de <a href=\"https:\/\/www.agrolink.com.br\/culturas\/feijao\/?utm_source=agrolink-detalhe-noticia&amp;utm_medium=detalhe-noticia&amp;utm_campaign=links-internos\" target=\"_blank\" rel=\"noopener\">feij\u00e3o<\/a> foi conclu\u00edda na maior parte das regi\u00f5es produtoras do Rio Grande do Sul, atingindo 65% da \u00e1rea cultivada no estado. As lavouras remanescentes, concentradas nos Campos de Cima da Serra (35% da \u00e1rea total), ainda est\u00e3o em fase de flora\u00e7\u00e3o, enchimento de gr\u00e3os e matura\u00e7\u00e3o fisiol\u00f3gica. A previs\u00e3o \u00e9 que a colheita dessas \u00e1reas ocorra at\u00e9 meados de mar\u00e7o.&#13;\n<\/p>\n<p style=\"text-align:justify\">De acordo com o boletim conjuntural da Emater\/RS-Ascar, divulgado nesta quinta-feira (06), o perfil fitossanit\u00e1rio das lavouras segue adequado, com baixa press\u00e3o de pragas e produtividade m\u00e9dia estimada em 2.400 kg\/ha. Para a safra 2024\/25, a entidade projeta o cultivo de 28.896 hectares no estado, com uma produtividade m\u00e9dia esperada de 1.864 kg\/ha.<\/p>\n<p style=\"text-align:justify\">Na regi\u00e3o administrativa de Iju\u00ed, a colheita foi finalizada, e a produtividade ficou em 1.250 kg\/ha.<\/p>\n<p style=\"text-align:justify\">O boletim agropecu\u00e1rio da Empresa de Pesquisa Agropecu\u00e1ria e Extens\u00e3o Rural de Santa Catarina (Epagri), divulgado pelo Observat\u00f3rio Agro Catarinense, apontou desafios clim\u00e1ticos para a cultura do feij\u00e3o. Em janeiro, o estado teve per\u00edodos distintos de chuvas e estiagem. Na primeira quinzena, as precipita\u00e7\u00f5es foram regulares, mas na segunda metade do m\u00eas, o volume de chuvas caiu drasticamente, e as temperaturas superaram os 37\u00b0C em v\u00e1rias regi\u00f5es.&#13;\n<\/p>\n<p style=\"text-align:justify\">O calor extremo pode comprometer a produtividade das lavouras ainda em desenvolvimento, acelerando a matura\u00e7\u00e3o e reduzindo a qualidade dos gr\u00e3os. At\u00e9 o final de janeiro, 61% das \u00e1reas cultivadas j\u00e1 haviam sido colhidas. Das lavouras remanescentes, 67% estavam em matura\u00e7\u00e3o, 16% em flora\u00e7\u00e3o e 18% em desenvolvimento vegetativo.<\/p>\n<p style=\"text-align:justify\">Apesar dos desafios clim\u00e1ticos, a expectativa para a safra 2024\/25 em Santa Catarina \u00e9 de crescimento. A \u00e1rea plantada deve aumentar em 9,84%, e a produtividade m\u00e9dia pode chegar a 1.956 kg\/ha, um avan\u00e7o de 13,16%. Com isso, a produ\u00e7\u00e3o total pode atingir 59,7 mil toneladas, representando um crescimento de 24,30% em rela\u00e7\u00e3o \u00e0 safra anterior.&#13;\n<\/p>\n<\/p><\/div>\n<p><script data-cfasync=\"false\">\n    !function (f, b, e, v, n, t, s) {\n        if (f.fbq) return; n = f.fbq = function () {\n            n.callMethod ?\n                n.callMethod.apply(n, arguments) : n.queue.push(arguments)\n        };\n        if (!f._fbq) f._fbq = n; n.push = n; n.loaded = !0; n.version = '2.0';\n        n.queue = []; t = b.createElement(e); t.async = !0;\n        t.src = v; s = b.getElementsByTagName(e)[0];\n        s.parentNode.insertBefore(t, s)\n    }(window, document, 'script',\n        'https:\/\/connect.facebook.net\/en_US\/fbevents.js');\n    fbq('init', '522546078623747');\n    fbq('track', 'PageView');\n<\/script><br \/>\n<br \/><br \/>\n<br \/><a href=\"https:\/\/www.agrolink.com.br\/noticias\/feijao-1--safra--produtores-enfrentam-impacto-da-estiagem_499979.html\">Source link <\/a><\/p>\n","protected":false},"excerpt":{"rendered":"<p>A colheita da primeira safra de feij\u00e3o foi conclu\u00edda na maior parte das regi\u00f5es produtoras do Rio Grande do Sul,<\/p>\n","protected":false},"author":1,"featured_media":3955,"comment_status":"open","ping_status":"open","sticky":false,"template":"","format":"standard","meta":{"_monsterinsights_skip_tracking":false,"_monsterinsights_sitenote_active":false,"_monsterinsights_sitenote_note":"","_monsterinsights_sitenote_category":0,"_uf_show_specific_survey":0,"_uf_disable_surveys":false,"footnotes":""},"categories":[8,1,14],"tags":[],"class_list":["post-10662","post","type-post","status-publish","format-standard","has-post-thumbnail","hentry","category-agro","category-news","category-politica-agro"],"_links":{"self":[{"href":"https:\/\/agromt.news\/index.php?rest_route=\/wp\/v2\/posts\/10662"}],"collection":[{"href":"https:\/\/agromt.news\/index.php?rest_route=\/wp\/v2\/posts"}],"about":[{"href":"https:\/\/agromt.news\/index.php?rest_route=\/wp\/v2\/types\/post"}],"author":[{"embeddable":true,"href":"https:\/\/agromt.news\/index.php?rest_route=\/wp\/v2\/users\/1"}],"replies":[{"embeddable":true,"href":"https:\/\/agromt.news\/index.php?rest_route=%2Fwp%2Fv2%2Fcomments&post=10662"}],"version-history":[{"count":0,"href":"https:\/\/agromt.news\/index.php?rest_route=\/wp\/v2\/posts\/10662\/revisions"}],"wp:featuredmedia":[{"embeddable":true,"href":"https:\/\/agromt.news\/index.php?rest_route=\/wp\/v2\/media\/3955"}],"wp:attachment":[{"href":"https:\/\/agromt.news\/index.php?rest_route=%2Fwp%2Fv2%2Fmedia&parent=10662"}],"wp:term":[{"taxonomy":"category","embeddable":true,"href":"https:\/\/agromt.news\/index.php?rest_route=%2Fwp%2Fv2%2Fcategories&post=10662"},{"taxonomy":"post_tag","embeddable":true,"href":"https:\/\/agromt.news\/index.php?rest_route=%2Fwp%2Fv2%2Ftags&post=10662"}],"curies":[{"name":"wp","href":"https:\/\/api.w.org\/{rel}","templated":true}]}}