{"id":10660,"date":"2025-03-08T01:51:44","date_gmt":"2025-03-08T05:51:44","guid":{"rendered":"https:\/\/agromt.news\/?p=10660"},"modified":"2025-03-08T01:51:44","modified_gmt":"2025-03-08T05:51:44","slug":"acucar-precos-sobem-em-londres-pela-sexta-sessao-seguida-com-mercado-atento","status":"publish","type":"post","link":"https:\/\/agromt.news\/?p=10660","title":{"rendered":"A\u00e7\u00facar: pre\u00e7os sobem em Londres pela sexta sess\u00e3o seguida com mercado atento&#8230;"},"content":{"rendered":"<p> <br \/>\n<\/p>\n<div>\n<p><img decoding=\"async\" alt=\"Logotipo Not&#xED;cias Agr&#xED;colas\" height=\"21\" src=\"https:\/\/cdn.noticiasagricolas.com.br\/dbimagens\/e12363a00741f9cc7caf23469101a4aa.png\" width=\"106\"\/><\/p>\n<p>Os futuros do a\u00e7\u00facar branco fecharam esta segunda-feira (17) contabilizando altas pela sexta sess\u00e3o seguida na Bolsa de Londres, diante de preocupa\u00e7\u00f5es com a produ\u00e7\u00e3o indiana. O pre\u00e7os avan\u00e7aram mais de 1% entre os contratos mais negociados. N\u00e3o houve negocia\u00e7\u00f5es na Bolsa de Nova Iorque por conta do feriado do Dia do Presidente.<\/p>\n<p>O contrato maio\/25 subiu US$ 9,70, cotado a US$ 547,20 por tonelada (+1,80%). O agosto\/25 avan\u00e7ou US$ 6,60, para US$ 528,00 por tonelada (+1,27%). O outubro\/25 teve alta de US$ 5,20, sendo negociado a US$ 517,40 por tonelada (+1,02%), enquanto o mar\u00e7o\/26 subiu US$ 4,70, fechando em US$ 512,70 por tonelada (+0,93%).<\/p>\n<p>A Bloomberg destaca que a produ\u00e7\u00e3o de a\u00e7\u00facar na \u00cdndia pode cair para 26 milh\u00f5es de toneladas depois que uma doen\u00e7a prejudicou a safra de cana em sua principal regi\u00e3o produtora de Uttar Pradesh, de acordo com informa\u00e7\u00f5es de Ravi Gupta, diretor executivo da grande produtora Shree Renuka Sugars Ltd. A declara\u00e7\u00e3o foi feita na \u00faltima semana, durante a Dubai Sugar Conference. Esse n\u00famero \u00e9 cerca de 1 milh\u00e3o de toneladas menor do que a maioria das estimativas da ind\u00fastria.<\/p>\n<p>O a\u00e7\u00facar branco de Londres tem suporte nessas not\u00edcias. Como aponta a Bloomberg, Gupta disse tamb\u00e9m que h\u00e1 uma forte demanda por a\u00e7\u00facar branco ao mesmo tempo que h\u00e1 suprimentos menores da Uni\u00e3o Europeia e da Tail\u00e2ndia. \u201cA oferta restrita de a\u00e7\u00facar refinado aumentar\u00e1 o pr\u00eamio do a\u00e7\u00facar branco em rela\u00e7\u00e3o ao a\u00e7\u00facar bruto ap\u00f3s um per\u00edodo de pre\u00e7os baixos\u201d, acrescentou.<\/p>\n<p>Segundo ele, os pre\u00e7os mundiais do a\u00e7\u00facar precisam ficar acima de US$ 530\/tonelada para incentivar as exporta\u00e7\u00f5es. \u201cPara que exporta\u00e7\u00f5es de 1 milh\u00e3o de toneladas aconte\u00e7am, o mercado mundial precisa subir para precificar o a\u00e7\u00facar indiano\u201d, conclui o diretor executivo da Shree Renuka Sugars.<\/p>\n<p>Segundo an\u00e1lise de Arnaldo Luiz Correa, diretor da Archer Consulting, \u201co consenso entre os participantes do evento [em Dubai] \u00e9 que o clima ser\u00e1 o principal fator de influ\u00eancia nos pre\u00e7os, seguido pelos fundamentos do mercado. A pesquisa realizada durante o evento revelou que 60% dos participantes estimam a produ\u00e7\u00e3o brasileira entre 40 e 42 milh\u00f5es de toneladas, enquanto 21% esperam algo entre 38 e 40 milh\u00f5es, e o restante aposta em um volume entre 42 e 44 milh\u00f5es de toneladas\u201d.<\/p>\n<p>Por\u00e9m como ressalta Correa, \u201co entusiasmo gerado por eventos internacionais como o de Dubai \u00e9 natural, muitas vezes impulsionado pelo clima positivo das intera\u00e7\u00f5es e reuni\u00f5es festivas. No entanto, o mercado precisar\u00e1 de dados concretos a partir de abril, especialmente sobre o tamanho da safra brasileira e as condi\u00e7\u00f5es clim\u00e1ticas em \u00cdndia, China e Tail\u00e2ndia, que podem influenciar significativamente a oferta global\u201d.<\/p>\n<h4><strong><strong>Mercado interno<\/strong><\/strong><\/h4>\n<p>No mercado f\u00edsico brasileiro, o indicador Cepea Esalq mostra, em S\u00e3o Paulo, o a\u00e7\u00facar cristal branco com valor de R$ 142,55\/saca, queda de 0,26%. O a\u00e7\u00facar cristal em Santos (FOB) tem valor de R$ 146,66, alta de 0,14%. O cristal empacotado em S\u00e3o Paulo vale R$ 16,2645\/5kg, baixa de 2,28%. O refinado amorfo est\u00e1 cotado em R$ 3,6306\/kg. O VHP tem pre\u00e7o de R$ 119,71\/saca.<\/p>\n<p>Em Alagoas, tamb\u00e9m com base no que mostra o indicador Cepea Esalq, o pre\u00e7o do a\u00e7\u00facar est\u00e1 em R$ 154,31\/saca, valoriza\u00e7\u00e3o de 3,10%. Na Para\u00edba, a cota\u00e7\u00e3o \u00e9 de R$ 144,11\/saca. Em Pernambuco, o ado\u00e7ante vale R$ 147,55\/saca.<\/p>\n<\/p><\/div>\n<p><script async defer src=\"https:\/\/connect.facebook.net\/en_US\/sdk.js\" type=\"b882b55290c009e28ede00aa-text\/javascript\"><\/script><script type=\"b882b55290c009e28ede00aa-text\/javascript\">\n  !function(f,b,e,v,n,t,s)\n  {if(f.fbq)return;n=f.fbq=function(){n.callMethod?\n    n.callMethod.apply(n,arguments):n.queue.push(arguments)};\n    if(!f._fbq)f._fbq=n;n.push=n;n.loaded=!0;n.version='2.0';\n    n.queue=[];t=b.createElement(e);t.async=!0;\n    t.src=v;s=b.getElementsByTagName(e)[0];\n    s.parentNode.insertBefore(t,s)}(window, document,'script',\n    'https:\/\/connect.facebook.net\/en_US\/fbevents.js');\n  fbq('init', '153495679422335');\n  fbq('track', 'PageView');\n<\/script><br \/>\n<br \/><br \/>\n<br \/><a href=\"https:\/\/www.noticiasagricolas.com.br\/noticias\/sucroenergetico\/394571-acucar-precos-sobem-em-londres-pela-sexta-sessao-seguida-com-mercado-atento-a-india.html\">Source link <\/a><\/p>\n","protected":false},"excerpt":{"rendered":"<p>Os futuros do a\u00e7\u00facar branco fecharam esta segunda-feira (17) contabilizando altas pela sexta sess\u00e3o seguida na Bolsa de Londres, diante<\/p>\n","protected":false},"author":1,"featured_media":10661,"comment_status":"open","ping_status":"open","sticky":false,"template":"","format":"standard","meta":{"_monsterinsights_skip_tracking":false,"_monsterinsights_sitenote_active":false,"_monsterinsights_sitenote_note":"","_monsterinsights_sitenote_category":0,"_uf_show_specific_survey":0,"_uf_disable_surveys":false,"footnotes":""},"categories":[8,1,14,16],"tags":[],"class_list":["post-10660","post","type-post","status-publish","format-standard","has-post-thumbnail","hentry","category-agro","category-news","category-politica-agro","category-safra"],"_links":{"self":[{"href":"https:\/\/agromt.news\/index.php?rest_route=\/wp\/v2\/posts\/10660"}],"collection":[{"href":"https:\/\/agromt.news\/index.php?rest_route=\/wp\/v2\/posts"}],"about":[{"href":"https:\/\/agromt.news\/index.php?rest_route=\/wp\/v2\/types\/post"}],"author":[{"embeddable":true,"href":"https:\/\/agromt.news\/index.php?rest_route=\/wp\/v2\/users\/1"}],"replies":[{"embeddable":true,"href":"https:\/\/agromt.news\/index.php?rest_route=%2Fwp%2Fv2%2Fcomments&post=10660"}],"version-history":[{"count":0,"href":"https:\/\/agromt.news\/index.php?rest_route=\/wp\/v2\/posts\/10660\/revisions"}],"wp:featuredmedia":[{"embeddable":true,"href":"https:\/\/agromt.news\/index.php?rest_route=\/wp\/v2\/media\/10661"}],"wp:attachment":[{"href":"https:\/\/agromt.news\/index.php?rest_route=%2Fwp%2Fv2%2Fmedia&parent=10660"}],"wp:term":[{"taxonomy":"category","embeddable":true,"href":"https:\/\/agromt.news\/index.php?rest_route=%2Fwp%2Fv2%2Fcategories&post=10660"},{"taxonomy":"post_tag","embeddable":true,"href":"https:\/\/agromt.news\/index.php?rest_route=%2Fwp%2Fv2%2Ftags&post=10660"}],"curies":[{"name":"wp","href":"https:\/\/api.w.org\/{rel}","templated":true}]}}