{"id":10658,"date":"2025-03-08T00:52:23","date_gmt":"2025-03-08T04:52:23","guid":{"rendered":"https:\/\/agromt.news\/?p=10658"},"modified":"2025-03-08T00:52:23","modified_gmt":"2025-03-08T04:52:23","slug":"santa-catarina-tera-outono-quente-e-com-pouca-chuva","status":"publish","type":"post","link":"https:\/\/agromt.news\/?p=10658","title":{"rendered":"Santa Catarina ter\u00e1 outono quente e com pouca chuva"},"content":{"rendered":"<p> <br \/>\n<\/p>\n<div>\n<p style=\"text-align:justify\">A previs\u00e3o clim\u00e1tica para o trimestre de mar\u00e7o a maio indica temperaturas acima da m\u00e9dia e chuvas abaixo do esperado em Santa Catarina. Segundo a Epagri\/Ciram, o m\u00eas de mar\u00e7o ser\u00e1 marcado pela persist\u00eancia de massas de ar quente, resultando em dias consecutivos de calor intenso, inclusive durante as noites.&#13;\n<\/p>\n<p style=\"text-align:justify\">De acordo com a meteorologista Gils\u00e2nia Cruz, a expectativa \u00e9 de precipita\u00e7\u00f5es abaixo da m\u00e9dia climatol\u00f3gica no estado. Em mar\u00e7o, s\u00e3o previstos per\u00edodos prolongados sem chuvas, especialmente no Oeste, onde os totais pluviom\u00e9tricos podem ficar inferiores ao habitual. Com a transi\u00e7\u00e3o do ver\u00e3o para o outono, as frentes frias devem se tornar mais frequentes, especialmente na segunda quinzena do m\u00eas, sendo respons\u00e1veis pela maior parte da precipita\u00e7\u00e3o em Santa Catarina.<\/p>\n<p style=\"text-align:justify\">Segundo dados do Observat\u00f3rio Agro Catarinense, a m\u00e9dia mensal de chuvas esperada para o Oeste e Planalto varia entre 100 e 130 mm, enquanto no Litoral os volumes devem oscilar entre 150 e 210 mm. Para os meses de abril e maio, a tend\u00eancia \u00e9 de redu\u00e7\u00e3o ainda maior na precipita\u00e7\u00e3o, com m\u00e9dias entre 100 e 170 mm no estado.&#13;\n<\/p>\n<p style=\"text-align:justify\">Apesar da diminui\u00e7\u00e3o das chuvas, o per\u00edodo ainda apresenta risco de eventos clim\u00e1ticos intensos como chuvas fortes e concentradas em curtos per\u00edodos de tempo, al\u00e9m de temporais com raios, granizo e ventos fortes. \u201cA partir de mar\u00e7o, ciclones extratropicais devem atuar com maior frequ\u00eancia no litoral do Uruguai, Rio Grande do Sul e Santa Catarina, ocasionando ventos intensos, mar agitado com ressaca e oferecendo perigo \u00e0 navega\u00e7\u00e3o\u201d, alerta a meteorologista.<\/p>\n<p style=\"text-align:justify\">Em janeiro de 2025, a temperatura da superf\u00edcie do mar (TSM) estava ligeiramente abaixo da m\u00e9dia na regi\u00e3o do Pac\u00edfico Equatorial, com anomalias entre -0,5\u00b0C e -1,0\u00b0C, indicando uma condi\u00e7\u00e3o de La Ni\u00f1a fraca. No entanto, em fevereiro, houve um aquecimento das \u00e1guas pr\u00f3ximas \u00e0 costa do Peru, reduzindo a influ\u00eancia do fen\u00f4meno. Para os pr\u00f3ximos meses, os meteorologistas apontam para um cen\u00e1rio de neutralidade clim\u00e1tica, sem interfer\u00eancia direta de El Ni\u00f1o ou La Ni\u00f1a, o que pode resultar em uma transi\u00e7\u00e3o clim\u00e1tica mais equilibrada no estado, conforme dados da Epagri.&#13;\n<\/p>\n<p style=\"text-align:justify\">&#13;<br \/>\n\u00a0<\/p>\n<\/p><\/div>\n<p><script data-cfasync=\"false\">\n    !function (f, b, e, v, n, t, s) {\n        if (f.fbq) return; n = f.fbq = function () {\n            n.callMethod ?\n                n.callMethod.apply(n, arguments) : n.queue.push(arguments)\n        };\n        if (!f._fbq) f._fbq = n; n.push = n; n.loaded = !0; n.version = '2.0';\n        n.queue = []; t = b.createElement(e); t.async = !0;\n        t.src = v; s = b.getElementsByTagName(e)[0];\n        s.parentNode.insertBefore(t, s)\n    }(window, document, 'script',\n        'https:\/\/connect.facebook.net\/en_US\/fbevents.js');\n    fbq('init', '522546078623747');\n    fbq('track', 'PageView');\n<\/script><br \/>\n<br \/><br \/>\n<br \/><a href=\"https:\/\/www.agrolink.com.br\/noticias\/santa-catarina-tera-outono-quente-e-com-pouca-chuva_499980.html\">Source link <\/a><\/p>\n","protected":false},"excerpt":{"rendered":"<p>A previs\u00e3o clim\u00e1tica para o trimestre de mar\u00e7o a maio indica temperaturas acima da m\u00e9dia e chuvas abaixo do esperado<\/p>\n","protected":false},"author":1,"featured_media":10659,"comment_status":"open","ping_status":"open","sticky":false,"template":"","format":"standard","meta":{"_monsterinsights_skip_tracking":false,"_monsterinsights_sitenote_active":false,"_monsterinsights_sitenote_note":"","_monsterinsights_sitenote_category":0,"_uf_show_specific_survey":0,"_uf_disable_surveys":false,"footnotes":""},"categories":[8,1,14],"tags":[],"class_list":["post-10658","post","type-post","status-publish","format-standard","has-post-thumbnail","hentry","category-agro","category-news","category-politica-agro"],"_links":{"self":[{"href":"https:\/\/agromt.news\/index.php?rest_route=\/wp\/v2\/posts\/10658"}],"collection":[{"href":"https:\/\/agromt.news\/index.php?rest_route=\/wp\/v2\/posts"}],"about":[{"href":"https:\/\/agromt.news\/index.php?rest_route=\/wp\/v2\/types\/post"}],"author":[{"embeddable":true,"href":"https:\/\/agromt.news\/index.php?rest_route=\/wp\/v2\/users\/1"}],"replies":[{"embeddable":true,"href":"https:\/\/agromt.news\/index.php?rest_route=%2Fwp%2Fv2%2Fcomments&post=10658"}],"version-history":[{"count":0,"href":"https:\/\/agromt.news\/index.php?rest_route=\/wp\/v2\/posts\/10658\/revisions"}],"wp:featuredmedia":[{"embeddable":true,"href":"https:\/\/agromt.news\/index.php?rest_route=\/wp\/v2\/media\/10659"}],"wp:attachment":[{"href":"https:\/\/agromt.news\/index.php?rest_route=%2Fwp%2Fv2%2Fmedia&parent=10658"}],"wp:term":[{"taxonomy":"category","embeddable":true,"href":"https:\/\/agromt.news\/index.php?rest_route=%2Fwp%2Fv2%2Fcategories&post=10658"},{"taxonomy":"post_tag","embeddable":true,"href":"https:\/\/agromt.news\/index.php?rest_route=%2Fwp%2Fv2%2Ftags&post=10658"}],"curies":[{"name":"wp","href":"https:\/\/api.w.org\/{rel}","templated":true}]}}