{"id":1063,"date":"2024-09-04T08:40:29","date_gmt":"2024-09-04T12:40:29","guid":{"rendered":"https:\/\/agromt.news\/?p=1063"},"modified":"2024-09-04T08:40:29","modified_gmt":"2024-09-04T12:40:29","slug":"planta-nativa-vira-fonte-de-renda","status":"publish","type":"post","link":"https:\/\/agromt.news\/?p=1063","title":{"rendered":"Planta nativa vira fonte de renda"},"content":{"rendered":"<p> <br \/>\n<\/p>\n<div>\n<p>A erva-baleeira (Varronia curassavica), nativa do Brasil e considerada invasora em \u00e1reas agr\u00edcolas, agora gera renda para agricultores familiares em Miramar, Eun\u00e1polis, Bahia. O \u00f3leo da planta, valorizado entre R$1,6 mil e R$3 mil por quilo, tem potencial de expans\u00e3o, apesar da demanda ainda ser limitada. Essa oportunidade surgiu por meio do projeto DSAF, do NEA Pau-Brasil, da UFSB, em coopera\u00e7\u00e3o com a Veracel Celulose.\n<\/p>\n<p>\u201cA UFSB fez a identifica\u00e7\u00e3o da ocorr\u00eancia da esp\u00e9cie na regi\u00e3o, fez an\u00e1lises da composi\u00e7\u00e3o qu\u00edmica do \u00f3leo junto a Universidade Federal do Paran\u00e1, depois, estudos dos aspectos agron\u00f4micos da planta e come\u00e7ou a acompanhar e orientar os processos produtivos desses agricultores para auxili\u00e1-los a potencializar sua renda com a terra. Em geral, esses agricultores escolhem seus cultivos pelo valor de mercado, se esquecendo da grande biodiversidade que existe em suas \u00e1reas. E foi o caso aqui, fizemos uma bioprospec\u00e7\u00e3o e encontramos a Varonia curassavica, a base do primeiro fitoter\u00e1pico produzido integralmente no Brasil\u201d, explica a Dra. Carolina Kffuri, pesquisadora respons\u00e1vel pela identifica\u00e7\u00e3o e pesquisa do \u00f3leo e que hoje faz parte do time de Responsabilidade Social da Veracel.<\/p>\n<p>O projeto DSAF, coordenado pela Prof. Dra. Gabriela Narezi em parceria com o Instituto Fotoss\u00edntese, capacitou agricultores de Miramar, Eun\u00e1polis, na extra\u00e7\u00e3o de \u00f3leo da erva-baleeira, resultando na venda inicial de 15 quilos de \u00f3leo essencial. Apesar de inicialmente vista como praga, a planta demonstrou grande potencial econ\u00f4mico, sendo valorizada por suas propriedades anti-inflamat\u00f3rias. O beneficiamento \u00e9 feito em equipamento doado pela Veracel, e o objetivo futuro \u00e9 obter certifica\u00e7\u00e3o para venda \u00e0 ind\u00fastria farmac\u00eautica, visando maior rentabilidade para a comunidade.\n<\/p>\n<p>\u201cA produ\u00e7\u00e3o do \u00f3leo essencial feito na Miramar leva em conta os aspectos sociais, por ser uma produ\u00e7\u00e3o feita totalmente por agricultores familiares, e aspectos ambientais, por se tratar do uso e da preserva\u00e7\u00e3o da biodiversidade brasileira. Isso adiciona ainda mais valor a esse produto\u201d, explica a Dra. Carolina Kffuri. A associa\u00e7\u00e3o Miramar \u00e9 uma comunidade com 1.212 hectares divididos em 84 lotes onde moram diversas fam\u00edlias de agricultores.<br \/>\u00a0<\/p>\n<\/div>\n<p><script data-cfasync=\"false\">\n    !function (f, b, e, v, n, t, s) {\n        if (f.fbq) return; n = f.fbq = function () {\n            n.callMethod ?\n                n.callMethod.apply(n, arguments) : n.queue.push(arguments)\n        };\n        if (!f._fbq) f._fbq = n; n.push = n; n.loaded = !0; n.version = '2.0';\n        n.queue = []; t = b.createElement(e); t.async = !0;\n        t.src = v; s = b.getElementsByTagName(e)[0];\n        s.parentNode.insertBefore(t, s)\n    }(window, document, 'script',\n        'https:\/\/connect.facebook.net\/en_US\/fbevents.js');\n    fbq('init', '522546078623747');\n    fbq('track', 'PageView');\n<\/script><br \/>\n<br \/><br \/>\n<br \/><a href=\"https:\/\/www.agrolink.com.br\/noticias\/planta-nativa-vira-fonte-de-renda_494560.html\">Source link <\/a><\/p>\n","protected":false},"excerpt":{"rendered":"<p>A erva-baleeira (Varronia curassavica), nativa do Brasil e considerada invasora em \u00e1reas agr\u00edcolas, agora gera renda para agricultores familiares em<\/p>\n","protected":false},"author":1,"featured_media":1064,"comment_status":"open","ping_status":"open","sticky":false,"template":"","format":"standard","meta":{"_monsterinsights_skip_tracking":false,"_monsterinsights_sitenote_active":false,"_monsterinsights_sitenote_note":"","_monsterinsights_sitenote_category":0,"_uf_show_specific_survey":0,"_uf_disable_surveys":false,"footnotes":""},"categories":[8,1,14],"tags":[],"class_list":["post-1063","post","type-post","status-publish","format-standard","has-post-thumbnail","hentry","category-agro","category-news","category-politica-agro"],"_links":{"self":[{"href":"https:\/\/agromt.news\/index.php?rest_route=\/wp\/v2\/posts\/1063"}],"collection":[{"href":"https:\/\/agromt.news\/index.php?rest_route=\/wp\/v2\/posts"}],"about":[{"href":"https:\/\/agromt.news\/index.php?rest_route=\/wp\/v2\/types\/post"}],"author":[{"embeddable":true,"href":"https:\/\/agromt.news\/index.php?rest_route=\/wp\/v2\/users\/1"}],"replies":[{"embeddable":true,"href":"https:\/\/agromt.news\/index.php?rest_route=%2Fwp%2Fv2%2Fcomments&post=1063"}],"version-history":[{"count":0,"href":"https:\/\/agromt.news\/index.php?rest_route=\/wp\/v2\/posts\/1063\/revisions"}],"wp:featuredmedia":[{"embeddable":true,"href":"https:\/\/agromt.news\/index.php?rest_route=\/wp\/v2\/media\/1064"}],"wp:attachment":[{"href":"https:\/\/agromt.news\/index.php?rest_route=%2Fwp%2Fv2%2Fmedia&parent=1063"}],"wp:term":[{"taxonomy":"category","embeddable":true,"href":"https:\/\/agromt.news\/index.php?rest_route=%2Fwp%2Fv2%2Fcategories&post=1063"},{"taxonomy":"post_tag","embeddable":true,"href":"https:\/\/agromt.news\/index.php?rest_route=%2Fwp%2Fv2%2Ftags&post=1063"}],"curies":[{"name":"wp","href":"https:\/\/api.w.org\/{rel}","templated":true}]}}