{"id":1061,"date":"2024-09-03T22:33:51","date_gmt":"2024-09-04T02:33:51","guid":{"rendered":"https:\/\/agromt.news\/?p=1061"},"modified":"2024-09-03T22:33:51","modified_gmt":"2024-09-04T02:33:51","slug":"mudancas-climaticas-desafiam-agro-brasileiro-dizem-especialistas-a-cnn","status":"publish","type":"post","link":"https:\/\/agromt.news\/?p=1061","title":{"rendered":"Mudan\u00e7as clim\u00e1ticas desafiam agro brasileiro, dizem especialistas \u00e0 CNN"},"content":{"rendered":"<p> <br \/>\n<\/p>\n<div>\n<p>O agroneg\u00f3cio brasileiro \u00e9 sin\u00f4nimo de grandiosidade e segue como uma das principais fontes de riqueza do pa\u00eds. Mudan\u00e7as clim\u00e1ticas, por\u00e9m, s\u00e3o desafios ao setor, segundo analistas\u00a0ouvidos pela <strong>CNN<\/strong> para o segundo epis\u00f3dio da s\u00e9rie Caminhos para o Crescimento, exibido nesta ter\u00e7a-feira (3) durante o Prime Time.<\/p>\n<p>O Brasil \u00e9 um dos maiores produtores de commodities do mundo, com destaque para soja, milho, algod\u00e3o e carne bovina que, em 2023, gerou mais de US$ 10 bilh\u00f5es em exporta\u00e7\u00f5es.<\/p>\n<p>Dados divulgados pelo Instituto Brasileiro de Geografia e Estat\u00edstica (IBGE) nesta ter\u00e7a mostram que,\u00a0no segundo trimestre de 2024, o agro brasileiro recuou 2,3%. A proje\u00e7\u00e3o de crescimento para este ano \u00e9 menor.<\/p>\n<aside class=\"read-too read-too--with-img\"> <\/aside>\n<p>\u201cDeve crescer entre 2% e 2,5% esse ano. Ano passado foi um pouco melhor, mas [cresce] muito pouco e n\u00e3o de forma sustent\u00e1vel\u201d, explica o economista Jos\u00e9 Roberto Mendon\u00e7a de Barros.<\/p>\n<p>\u201cEnt\u00e3o o nosso grande desafio \u00e9: como transformar um crescimento modesto, relevante, mas modesto, em um crescimento mais acelerado e sustent\u00e1vel. Isso n\u00f3s n\u00e3o conseguimos fazer at\u00e9 hoje\u201d.<\/p>\n<p><input type=\"checkbox\" id=\"checkbox_attachment_10248240\" class=\"fullscreen-checkbox\"\/><\/p>\n<figure aria-describedby=\"caption-attachment-10248240\" style=\"width: 1024px\" class=\"wp-caption alignnone fullscreen-wrapper\" id=\"attachment_10248240\"> <label for=\"checkbox_attachment_10248240\" class=\"fullscreen-label\"> <span class=\"fullscreen-label__icon\"\/> <\/label> <img loading=\"lazy\" decoding=\"async\" loading=\"lazy\" class=\"aligncenter size-large wp-image-10248240 fullscreen-img\" src=\"https:\/\/www.cnnbrasil.com.br\/wp-content\/uploads\/sites\/12\/2024\/09\/mendonca1.jpeg?w=1024\" alt=\"\" width=\"1024\" height=\"576\" srcset=\"https:\/\/www.cnnbrasil.com.br\/wp-content\/uploads\/sites\/12\/2024\/09\/mendonca1.jpeg 1920w, https:\/\/www.cnnbrasil.com.br\/wp-content\/uploads\/sites\/12\/2024\/09\/mendonca1.jpeg?resize=300,168 300w, https:\/\/www.cnnbrasil.com.br\/wp-content\/uploads\/sites\/12\/2024\/09\/mendonca1.jpeg?resize=768,432 768w, https:\/\/www.cnnbrasil.com.br\/wp-content\/uploads\/sites\/12\/2024\/09\/mendonca1.jpeg?resize=1024,576 1024w, https:\/\/www.cnnbrasil.com.br\/wp-content\/uploads\/sites\/12\/2024\/09\/mendonca1.jpeg?resize=1200,675 1200w, https:\/\/www.cnnbrasil.com.br\/wp-content\/uploads\/sites\/12\/2024\/09\/mendonca1.jpeg?resize=732,412 732w, https:\/\/www.cnnbrasil.com.br\/wp-content\/uploads\/sites\/12\/2024\/09\/mendonca1.jpeg?resize=431,241 431w, https:\/\/www.cnnbrasil.com.br\/wp-content\/uploads\/sites\/12\/2024\/09\/mendonca1.jpeg?resize=380,214 380w, https:\/\/www.cnnbrasil.com.br\/wp-content\/uploads\/sites\/12\/2024\/09\/mendonca1.jpeg?resize=280,157 280w, https:\/\/www.cnnbrasil.com.br\/wp-content\/uploads\/sites\/12\/2024\/09\/mendonca1.jpeg?resize=132,74 132w, https:\/\/www.cnnbrasil.com.br\/wp-content\/uploads\/sites\/12\/2024\/09\/mendonca1.jpeg?resize=65,37 65w, https:\/\/www.cnnbrasil.com.br\/wp-content\/uploads\/sites\/12\/2024\/09\/mendonca1.jpeg?resize=531,298 531w, https:\/\/www.cnnbrasil.com.br\/wp-content\/uploads\/sites\/12\/2024\/09\/mendonca1.jpeg?resize=390,219 390w, https:\/\/www.cnnbrasil.com.br\/wp-content\/uploads\/sites\/12\/2024\/09\/mendonca1.jpeg?resize=880,495 880w, https:\/\/www.cnnbrasil.com.br\/wp-content\/uploads\/sites\/12\/2024\/09\/mendonca1.jpeg?resize=194,109 194w, https:\/\/www.cnnbrasil.com.br\/wp-content\/uploads\/sites\/12\/2024\/09\/mendonca1.jpeg?resize=1536,864 1536w, https:\/\/www.cnnbrasil.com.br\/wp-content\/uploads\/sites\/12\/2024\/09\/mendonca1.jpeg?resize=450,253 450w, https:\/\/www.cnnbrasil.com.br\/wp-content\/uploads\/sites\/12\/2024\/09\/mendonca1.jpeg?resize=382,215 382w, https:\/\/www.cnnbrasil.com.br\/wp-content\/uploads\/sites\/12\/2024\/09\/mendonca1.jpeg?resize=98,55 98w, https:\/\/www.cnnbrasil.com.br\/wp-content\/uploads\/sites\/12\/2024\/09\/mendonca1.jpeg?resize=250,141 250w, https:\/\/www.cnnbrasil.com.br\/wp-content\/uploads\/sites\/12\/2024\/09\/mendonca1.jpeg?resize=53,30 53w\" sizes=\"(max-width: 1024px) 100vw, 1024px\"\/><figcaption id=\"caption-attachment-10248240\" class=\"wp-caption-text\">Economista Jos\u00e9 Roberto Mendon\u00e7a de Barros aposta em um agroneg\u00f3cio sustent\u00e1vel como fonte de mais riqueza para o Brasil. \u2022 Kleberth Nina \/ CNN Brasil<\/figcaption><\/figure>\n<p>Esse recuo foi consequ\u00eancia diretamente das mudan\u00e7as clim\u00e1ticas, como ondas de calor e as enchentes na regi\u00e3o sul do pa\u00eds. Fen\u00f4menos naturais afetam a produ\u00e7\u00e3o e comprometem o setor como um todo.<\/p>\n<p>Bruno Lucchi, diretor t\u00e9cnico da Confedera\u00e7\u00e3o da Agricultura e Pecu\u00e1ria do Brasil (CNA), pontua o El Ni\u00f1o como efeito clim\u00e1tico que impactou o trabalho no campo.<\/p>\n<p>Segundo ele, um dos reflexos desse cen\u00e1rio est\u00e1 na regi\u00e3o norte. Na safra anterior, a regi\u00e3o produziu mais de 320 milh\u00f5es de toneladas, resultado que deve ser reduzido para pr\u00f3ximo de 255 milh\u00f5es no atual ciclo.<\/p>\n<p>\u201cO clima \u00e9 um problema\u201d, comenta.<\/p>\n<p>Por causa dessas mudan\u00e7as clim\u00e1ticas, produtores t\u00eam subs\u00eddios do governo federal que os auxiliam diante de perdas de produ\u00e7\u00e3o. Para o per\u00edodo 2024\/25, o Plano Safra disponibilizar\u00e1 R$ 475 bilh\u00f5es, que ser\u00e3o colocados \u00e0 disposi\u00e7\u00e3o dos agricultores nas linhas tradicionais.<\/p>\n<p>E s\u00e3o essas mudan\u00e7as clim\u00e1ticas que comprometem o agroneg\u00f3cio que tamb\u00e9m fazem com que os produtores mudem suas pr\u00e1ticas e cuidem mais ainda do meio ambiente.<\/p>\n<p>Julio C\u00e9sar, propriet\u00e1rio da Fazenda Pombo<strong>,<\/strong> em Minas Gerais, vem mudando a forma de trabalho no campo.<\/p>\n<p>\u201cA gente est\u00e1 diminuindo o uso de \u00f3leo diesel, diminuindo o uso de \u00e1gua e tamb\u00e9m fazendo as pr\u00e1ticas que fazem com que a gente economize tamb\u00e9m a emiss\u00e3o de carbono\u201d, explica o fazendeiro.<\/p>\n<h2>Agro emprega 28 milh\u00f5es de pessoas<\/h2>\n<p>O agroneg\u00f3cio brasileiro \u00e9 respons\u00e1vel por cerca de 28 milh\u00f5es de empregos no pa\u00eds e, para especialistas, o setor pode ser ainda mais competitivo e gerar mais postos de trabalho se os juros ca\u00edrem e se o acesso ao cr\u00e9dito for mais f\u00e1cil, gerando investimentos aliados \u00e0 sustentabilidade.<\/p>\n<p>\u201cRealmente \u00e9 a nova fonte, por isso que o agroneg\u00f3cio brasileiro vai ser ainda mais competitivo, porque esse tamanho de territ\u00f3rio, essas condi\u00e7\u00f5es de produ\u00e7\u00e3o s\u00e3o ideais para produzir energia de fonte biol\u00f3gica de todos os tipos\u201d, diz o economista Jos\u00e9 Roberto Mendon\u00e7a de Barros.<\/p>\n<p><strong>A s\u00e9rie especial Caminhos para o Crescimento est\u00e1 no ar no CNN Prime Time at\u00e9 sexta-feira (6)<\/strong><\/p>\n<p class=\"x_elementToProof\"><strong>No s\u00e1bado (7) a CNN Brasil exibe o document\u00e1rio Caminhos para o Crescimento, a partir das 22h45<\/strong><\/p>\n<\/div>\n<p><br \/>\n<br \/><a href=\"https:\/\/www.cnnbrasil.com.br\/economia\/agronegocio-pode-crescer-ainda-mais-de-forma-sustentavel-dizem-especialistas\/\">Source link <\/a><\/p>\n","protected":false},"excerpt":{"rendered":"<p>O agroneg\u00f3cio brasileiro \u00e9 sin\u00f4nimo de grandiosidade e segue como uma das principais fontes de riqueza do pa\u00eds. Mudan\u00e7as clim\u00e1ticas,<\/p>\n","protected":false},"author":1,"featured_media":1062,"comment_status":"open","ping_status":"open","sticky":false,"template":"","format":"standard","meta":{"_monsterinsights_skip_tracking":false,"_monsterinsights_sitenote_active":false,"_monsterinsights_sitenote_note":"","_monsterinsights_sitenote_category":0,"_uf_show_specific_survey":0,"_uf_disable_surveys":false,"footnotes":""},"categories":[1],"tags":[],"class_list":["post-1061","post","type-post","status-publish","format-standard","has-post-thumbnail","hentry","category-news"],"_links":{"self":[{"href":"https:\/\/agromt.news\/index.php?rest_route=\/wp\/v2\/posts\/1061"}],"collection":[{"href":"https:\/\/agromt.news\/index.php?rest_route=\/wp\/v2\/posts"}],"about":[{"href":"https:\/\/agromt.news\/index.php?rest_route=\/wp\/v2\/types\/post"}],"author":[{"embeddable":true,"href":"https:\/\/agromt.news\/index.php?rest_route=\/wp\/v2\/users\/1"}],"replies":[{"embeddable":true,"href":"https:\/\/agromt.news\/index.php?rest_route=%2Fwp%2Fv2%2Fcomments&post=1061"}],"version-history":[{"count":0,"href":"https:\/\/agromt.news\/index.php?rest_route=\/wp\/v2\/posts\/1061\/revisions"}],"wp:featuredmedia":[{"embeddable":true,"href":"https:\/\/agromt.news\/index.php?rest_route=\/wp\/v2\/media\/1062"}],"wp:attachment":[{"href":"https:\/\/agromt.news\/index.php?rest_route=%2Fwp%2Fv2%2Fmedia&parent=1061"}],"wp:term":[{"taxonomy":"category","embeddable":true,"href":"https:\/\/agromt.news\/index.php?rest_route=%2Fwp%2Fv2%2Fcategories&post=1061"},{"taxonomy":"post_tag","embeddable":true,"href":"https:\/\/agromt.news\/index.php?rest_route=%2Fwp%2Fv2%2Ftags&post=1061"}],"curies":[{"name":"wp","href":"https:\/\/api.w.org\/{rel}","templated":true}]}}