{"id":10580,"date":"2025-03-06T14:02:35","date_gmt":"2025-03-06T18:02:35","guid":{"rendered":"https:\/\/agromt.news\/?p=10580"},"modified":"2025-03-06T14:02:35","modified_gmt":"2025-03-06T18:02:35","slug":"inscreva-se-no-curso-que-aborda-a-comercializacao-de-soja","status":"publish","type":"post","link":"https:\/\/agromt.news\/?p=10580","title":{"rendered":"Inscreva-se no curso que aborda a comercializa\u00e7\u00e3o de soja!"},"content":{"rendered":"<p> <br \/>\n<br \/><img decoding=\"async\" src=\"https:\/\/agromt.news\/wp-content\/uploads\/2025\/03\/Inscreva-se-no-curso-que-aborda-a-comercializacao-de-soja.jpg\" \/><\/p>\n<div>\n<p>Os <a href=\"https:\/\/www.canalrural.com.br\/agricultura\/projeto-soja-brasil\/ja-decidiu-o-seu-candidato-a-favorito-a-ao-premio-personagem-soja-brasil\/\">produtores <\/a>de soja que buscam aprimorar suas habilidades e expandir seus neg\u00f3cios t\u00eam a excelente oportunidade de participar do Curso Intensivo de Comercializa\u00e7\u00e3o de Milho e Soja, promovido pela consultoria <a href=\"https:\/\/safras.com.br\/\">Safras &amp; Mercado<\/a>. <\/p>\n<p>O encontro acontecer\u00e1 nos dias 20 e 21 de mar\u00e7o de 2025, na Vila Nova Concei\u00e7\u00e3o, em S\u00e3o Paulo (SP), al\u00e9m de estar dispon\u00edvel tamb\u00e9m em formato online. <a href=\"https:\/\/pagina.safras.com.br\/curso-presencial-comercializacao-de-milho-e-soja-sp-redes-sociais\">Saiba mais e inscreva-se por meio do link.<\/a><\/p>\n<ul class=\"wp-block-list\">\n<li><strong><em>Fique por dentro das novidades e not\u00edcias recentes sobre a soja! Participe da nossa comunidade atrav\u00e9s do\u00a0<a href=\"https:\/\/chat.whatsapp.com\/BmMRwA0TZ2DHGyhzoaVEWu\">link<\/a>! \ud83c\udf31<\/em><\/strong><\/li>\n<\/ul>\n<h2 class=\"wp-block-heading\" id=\"h-temas-abordados\">Temas abordados  <\/h2>\n<p>No curso, voc\u00ea vai aprender a antecipar movimentos estrat\u00e9gicos, entender os impactos das pol\u00edticas internas e externas, e aplicar estrat\u00e9gias pr\u00e1ticas que podem transformar a sua comercializa\u00e7\u00e3o. Os sojicultores tamb\u00e9m ser\u00e3o capacitados a proteger suas margens antes das oscila\u00e7\u00f5es no c\u00e2mbio, interpretar o contexto do mercado, identificar oportunidades e tomar decis\u00f5es inteligentes para compra, venda ou prote\u00e7\u00e3o. <\/p>\n<p>Al\u00e9m disso, os participantes entender\u00e3o os mecanismos de forma\u00e7\u00e3o de pre\u00e7os, como os da Bolsa de Chicago (CBOT) e do mercado f\u00edsico, identificar\u00e3o os principais fatores que influenciam a volatilidade dos mercados e aprender\u00e3o a aprimorar a gest\u00e3o de riscos. O treinamento tamb\u00e9m abordar\u00e1 a estrutura\u00e7\u00e3o de opera\u00e7\u00f5es de prote\u00e7\u00e3o (hedge) de compra e venda, utilizando estrat\u00e9gias de intelig\u00eancia comercial para maximizar os resultados.<\/p>\n<\/div>\n<div>\n<p>O curso ser\u00e1 ministrado por Paulo Molinari, economista com 35 anos de experi\u00eancia em an\u00e1lise econ\u00f4mica e mercados agr\u00edcolas. Especialista nos segmentos de milho e carnes e diretor t\u00e9cnico da Safras &amp; Mercado, Paulo compartilhar\u00e1 seu conhecimento e t\u00e9cnicas comprovadas para ajudar os participantes a se destacarem no mercado agr\u00edcola. <\/p>\n<p>Ao final da capacita\u00e7\u00e3o, os participantes receber\u00e3o um certificado de conclus\u00e3o, que permitir\u00e1 aplicar os conhecimentos adquiridos para aprimorar suas pr\u00e1ticas comerciais e maximizar a rentabilidade. As inscri\u00e7\u00f5es est\u00e3o abertas e os interessados podem garantir suas vagas por meio do site oficial do curso.<\/p>\n<h2 class=\"wp-block-heading\" id=\"h-quem-pode-participar-do-curso\">Quem pode participar do curso? <\/h2>\n<p>A capacita\u00e7\u00e3o \u00e9 destinada a produtores rurais, cooperativas, associa\u00e7\u00f5es e sindicatos, originadores, armazenadores e compradores de milho e soja, profissionais das ind\u00fastrias do agroneg\u00f3cio, corretoras, cerealistas, tradings e investidores em geral. <\/p>\n<p>Com o objetivo de capacitar os participantes a tomar decis\u00f5es estrat\u00e9gicas sobre a compra e venda dessas commodities essenciais para a economia brasileira, a forma\u00e7\u00e3o oferece uma oportunidade \u00fanica para transformar a carreira e as negocia\u00e7\u00f5es, utilizando t\u00e9cnicas profissionais para aumentar os lucros e tomar as melhores decis\u00f5es de compra e venda no setor.<\/p>\n<\/p><\/div>\n<p><br \/>\n<br \/><a href=\"https:\/\/www.canalrural.com.br\/agricultura\/projeto-soja-brasil\/inscreva-se-no-curso-que-aborda-a-comercializacao-de-soja\/\">Source link <\/a><\/p>\n","protected":false},"excerpt":{"rendered":"<p>Os produtores de soja que buscam aprimorar suas habilidades e expandir seus neg\u00f3cios t\u00eam a excelente oportunidade de participar do<\/p>\n","protected":false},"author":1,"featured_media":10581,"comment_status":"open","ping_status":"open","sticky":false,"template":"","format":"standard","meta":{"_monsterinsights_skip_tracking":false,"_monsterinsights_sitenote_active":false,"_monsterinsights_sitenote_note":"","_monsterinsights_sitenote_category":0,"_uf_show_specific_survey":0,"_uf_disable_surveys":false,"footnotes":""},"categories":[1],"tags":[],"class_list":["post-10580","post","type-post","status-publish","format-standard","has-post-thumbnail","hentry","category-news"],"_links":{"self":[{"href":"https:\/\/agromt.news\/index.php?rest_route=\/wp\/v2\/posts\/10580"}],"collection":[{"href":"https:\/\/agromt.news\/index.php?rest_route=\/wp\/v2\/posts"}],"about":[{"href":"https:\/\/agromt.news\/index.php?rest_route=\/wp\/v2\/types\/post"}],"author":[{"embeddable":true,"href":"https:\/\/agromt.news\/index.php?rest_route=\/wp\/v2\/users\/1"}],"replies":[{"embeddable":true,"href":"https:\/\/agromt.news\/index.php?rest_route=%2Fwp%2Fv2%2Fcomments&post=10580"}],"version-history":[{"count":0,"href":"https:\/\/agromt.news\/index.php?rest_route=\/wp\/v2\/posts\/10580\/revisions"}],"wp:featuredmedia":[{"embeddable":true,"href":"https:\/\/agromt.news\/index.php?rest_route=\/wp\/v2\/media\/10581"}],"wp:attachment":[{"href":"https:\/\/agromt.news\/index.php?rest_route=%2Fwp%2Fv2%2Fmedia&parent=10580"}],"wp:term":[{"taxonomy":"category","embeddable":true,"href":"https:\/\/agromt.news\/index.php?rest_route=%2Fwp%2Fv2%2Fcategories&post=10580"},{"taxonomy":"post_tag","embeddable":true,"href":"https:\/\/agromt.news\/index.php?rest_route=%2Fwp%2Fv2%2Ftags&post=10580"}],"curies":[{"name":"wp","href":"https:\/\/api.w.org\/{rel}","templated":true}]}}