{"id":10577,"date":"2025-03-06T12:52:11","date_gmt":"2025-03-06T16:52:11","guid":{"rendered":"https:\/\/agromt.news\/?p=10577"},"modified":"2025-03-06T12:52:11","modified_gmt":"2025-03-06T16:52:11","slug":"ja-decidiu-o-seu-candidato-a-favorito-a-ao-premio-personagem-soja-brasil","status":"publish","type":"post","link":"https:\/\/agromt.news\/?p=10577","title":{"rendered":"J\u00e1 decidiu o seu candidato (a) favorito (a) ao Pr\u00eamio Personagem Soja Brasil?"},"content":{"rendered":"<p> <br \/>\n<br \/><img decoding=\"async\" src=\"https:\/\/agromt.news\/wp-content\/uploads\/2025\/03\/Ja-decidiu-o-seu-candidato-a-favorito-a-ao-Premio.png\" \/><\/p>\n<div>\n<p>Desde o dia 18 de fevereiro, <a href=\"https:\/\/www.canalrural.com.br\/agricultura\/projeto-soja-brasil\/vote-no-seu-candidato-favorito-ao-premio-soja-brasil\/\">a vota\u00e7\u00e3o para definir o vencedor (a)<\/a> do Pr\u00eamio Personagem Soja Brasil est\u00e1 aberta. O pr\u00eamio reconhece os profissionais que se destacaram no desenvolvimento e na sustentabilidade da soja brasileira.<\/p>\n<p>S\u00e3o seis indicados, entre as categorias \u2018produtores\u2019 e \u2018pesquisadores\u2019. Cada um foi respons\u00e1vel por contribui\u00e7\u00f5es importantes para a evolu\u00e7\u00e3o do setor. Agora, \u00e9 a vez do p\u00fablico escolher os mais destacados.. <a href=\"https:\/\/personagemsojabrasil.canalrural.com.br\/2025?_gl=1*1xl2q8c*_ga*NDMxMjkyODcwLjE3MjU0NTg3OTA.*_ga_4Z7XXTBDRP*MTc0MTI3Mjc0NS4yODQuMS4xNzQxMjczNTY2LjUyLjAuMA..*_ga_Y1X353CDF4*MTc0MTI3Mjc0NS4zNC4xLjE3NDEyNzM1NzAuNDguMC4xODIwNzc5OTA2\">Vote aqui!<\/a><\/p>\n<ul class=\"wp-block-list\">\n<li><strong><em>Fique por dentro das novidades e not\u00edcias recentes sobre a soja! Participe da nossa comunidade atrav\u00e9s do\u00a0<a href=\"https:\/\/chat.whatsapp.com\/BmMRwA0TZ2DHGyhzoaVEWu\">link<\/a>! \ud83c\udf31<\/em><\/strong><\/li>\n<\/ul>\n<h2 class=\"wp-block-heading\" id=\"h-indicados-ao-personagem-soja-brasil\">Indicados ao Personagem Soja Brasil<\/h2>\n<p>Os indicados deste ano foram revelados durante o evento realizado em Santa Carmem (MT), na regi\u00e3o de Sinop. Conhe\u00e7a os profissionais que est\u00e3o contribuindo para o crescimento da soja brasileira:<\/p>\n<p><strong>Alberto Schlatter<\/strong><br \/>Produtor Rural \u2013 MS<br \/>Produtor rural em Chapad\u00e3o do Sul, Mato Grosso do Sul, Alberto \u00e9 filho de su\u00ed\u00e7os que chegaram ao Brasil em 1921 e se estabeleceram em Presidente Venceslau, iniciando sua produ\u00e7\u00e3o agr\u00edcola.<\/p>\n<\/div>\n<div>\n<p><strong>Anderson Cavenaghi<\/strong><br \/>Pesquisador \u2013 UNIVAG \u2013 MT<br \/>Engenheiro agr\u00f4nomo com doutorado em prote\u00e7\u00e3o de plantas, Cavenaghi se especializa em herbicidas e plantas daninhas, conduzindo pesquisas sobre controle de plantas daninhas nas culturas do Cerrado.<\/p>\n<p><strong>Cecilia Czepak<\/strong><br \/>Pesquisadora \u2013 UFG \u2013 GO<br \/>Professora da Universidade Federal de Goi\u00e1s, Czepak tem 26 anos dedicados \u00e0 educa\u00e7\u00e3o e atua principalmente no manejo integrado de pragas.<\/p>\n<p><strong>Claudia D\u2019Agostini<\/strong><br \/>Produtora Rural \u2013 PR<br \/>Produtora rural de Sab\u00e1udia, PR, Claudia e sua irm\u00e3 seguem com o processo de sucess\u00e3o familiar na fazenda que foi cuidada por seu pai, mantendo o legado da produ\u00e7\u00e3o rural.<\/p>\n<p><strong>Julio Cezar Franchini<\/strong><br \/>Pesquisador \u2013 Embrapa Soja PR<br \/>Pesquisador da equipe de manejo de solos da Embrapa Soja, Franchini trabalha para melhorar a produtividade, qualidade e sustentabilidade dos sistemas produtivos de soja.<\/p>\n<p><strong>Oliverio Alves de Melo<\/strong><br \/>Produtor Rural \u2013 MA<br \/>Por fim, Oliveiro Alves de Melo tamb\u00e9m \u00e9 indicado ao Pr\u00eamio Soja Brasil. Formado em t\u00e9cnico agropecu\u00e1ria e administrador de empresas, Melo \u00e9 produtor rural em Balsas (MA e integrou o Programa de Coopera\u00e7\u00e3o Nipo-Brasileira para o Desenvolvimento do Cerrado.<\/p>\n<\/p><\/div>\n<p><br \/>\n<br \/><a href=\"https:\/\/www.canalrural.com.br\/agricultura\/projeto-soja-brasil\/ja-decidiu-o-seu-candidato-a-favorito-a-ao-premio-personagem-soja-brasil\/\">Source link <\/a><\/p>\n","protected":false},"excerpt":{"rendered":"<p>Desde o dia 18 de fevereiro, a vota\u00e7\u00e3o para definir o vencedor (a) do Pr\u00eamio Personagem Soja Brasil est\u00e1 aberta.<\/p>\n","protected":false},"author":1,"featured_media":10578,"comment_status":"open","ping_status":"open","sticky":false,"template":"","format":"standard","meta":{"_monsterinsights_skip_tracking":false,"_monsterinsights_sitenote_active":false,"_monsterinsights_sitenote_note":"","_monsterinsights_sitenote_category":0,"_uf_show_specific_survey":0,"_uf_disable_surveys":false,"footnotes":""},"categories":[1],"tags":[],"class_list":["post-10577","post","type-post","status-publish","format-standard","has-post-thumbnail","hentry","category-news"],"_links":{"self":[{"href":"https:\/\/agromt.news\/index.php?rest_route=\/wp\/v2\/posts\/10577"}],"collection":[{"href":"https:\/\/agromt.news\/index.php?rest_route=\/wp\/v2\/posts"}],"about":[{"href":"https:\/\/agromt.news\/index.php?rest_route=\/wp\/v2\/types\/post"}],"author":[{"embeddable":true,"href":"https:\/\/agromt.news\/index.php?rest_route=\/wp\/v2\/users\/1"}],"replies":[{"embeddable":true,"href":"https:\/\/agromt.news\/index.php?rest_route=%2Fwp%2Fv2%2Fcomments&post=10577"}],"version-history":[{"count":0,"href":"https:\/\/agromt.news\/index.php?rest_route=\/wp\/v2\/posts\/10577\/revisions"}],"wp:featuredmedia":[{"embeddable":true,"href":"https:\/\/agromt.news\/index.php?rest_route=\/wp\/v2\/media\/10578"}],"wp:attachment":[{"href":"https:\/\/agromt.news\/index.php?rest_route=%2Fwp%2Fv2%2Fmedia&parent=10577"}],"wp:term":[{"taxonomy":"category","embeddable":true,"href":"https:\/\/agromt.news\/index.php?rest_route=%2Fwp%2Fv2%2Fcategories&post=10577"},{"taxonomy":"post_tag","embeddable":true,"href":"https:\/\/agromt.news\/index.php?rest_route=%2Fwp%2Fv2%2Ftags&post=10577"}],"curies":[{"name":"wp","href":"https:\/\/api.w.org\/{rel}","templated":true}]}}