{"id":10572,"date":"2025-03-06T11:34:37","date_gmt":"2025-03-06T15:34:37","guid":{"rendered":"https:\/\/agromt.news\/?p=10572"},"modified":"2025-03-06T11:34:37","modified_gmt":"2025-03-06T15:34:37","slug":"agronegocio-mineiro-movimenta-us-171-bilhoes","status":"publish","type":"post","link":"https:\/\/agromt.news\/?p=10572","title":{"rendered":"Agroneg\u00f3cio mineiro movimenta US$ 17,1 bilh\u00f5es"},"content":{"rendered":"<p> <br \/>\n<\/p>\n<div>\n<p style=\"text-align:justify\">O agroneg\u00f3cio de Minas Gerais atingiu US$ 17,1 bilh\u00f5es em 2024. De acordo com a edi\u00e7\u00e3o de fevereiro do Boletim Log\u00edstico, divulgado na \u00faltima sexta-feira (28) pela Companhia Nacional de Abastecimento (Conab), o valor representa um crescimento de 19,2% em rela\u00e7\u00e3o a 2023. O volume exportado chegou a 17 milh\u00f5es de toneladas, o que representou o aumento de 8,2% na compara\u00e7\u00e3o anual.&#13;\n<\/p>\n<p style=\"text-align:justify\">O relat\u00f3rio aponta que a necessidade de abrir espa\u00e7o para a nova safra de gr\u00e3os 2024\/25 resultou em um aumento no volume de fretes internos e para os portos. \u201cSegundo os agentes transportadores as movimenta\u00e7\u00f5es de <a href=\"https:\/\/www.agrolink.com.br\/culturas\/soja?utm_source=agrolink-detalhe-noticia&amp;utm_medium=detalhe-noticia&amp;utm_campaign=links-internos\" target=\"_blank\" rel=\"noopener\">soja<\/a> e <a href=\"https:\/\/www.agrolink.com.br\/culturas\/milho?utm_source=agrolink-detalhe-noticia&amp;utm_medium=detalhe-noticia&amp;utm_campaign=links-internos&#9;\" target=\"_blank\" rel=\"noopener\">milho<\/a> em rotas internas do estado, ou mesmo com destino aos portos tiveram incrementos acentuados em rela\u00e7\u00e3o ao \u00faltimo trimestre de 2024\u201d, conforme\u00a0o boletim.<\/p>\n<p style=\"text-align:justify\">Com esse desempenho, o estado alcan\u00e7ou a quarta posi\u00e7\u00e3o entre os maiores exportadores do Brasil, ultrapassando S\u00e3o Paulo como principal fornecedor de produtos agropecu\u00e1rios para a Uni\u00e3o Europeia. Minas Gerais embarcou US$ 4,4 bilh\u00f5es em produtos para o bloco europeu, consolidando-se como l\u00edder nessa frente.&#13;\n<\/p>\n<p style=\"text-align:justify\">Segundo o boletim, o <a href=\"https:\/\/www.agrolink.com.br\/culturas\/cafe\/?utm_source=agrolink-detalhe-noticia&amp;utm_medium=detalhe-noticia&amp;utm_campaign=links-internos\" target=\"_blank\" rel=\"noopener\">caf\u00e9<\/a>, carro-chefe do agro mineiro, teve um ano recorde, impulsionado pela valoriza\u00e7\u00e3o do d\u00f3lar e pela queda dos estoques nos principais pa\u00edses produtores. Foram 31 milh\u00f5es de sacas exportadas, gerando uma receita de US$ 7,9 bilh\u00f5es, o que representou 46,1% do total comercializado pelo setor no estado. &#8220;Todas as prote\u00ednas (bovina, frango e su\u00edna) obtiveram crescimento em receita e volume. O setor alcan\u00e7ou US$ 1,7 bilh\u00e3o e 502 mil toneladas&#8221;, informou.<\/p>\n<p style=\"text-align:justify\">De acordo com a Conab, o complexo sucroalcooleiro se manteve na terceira posi\u00e7\u00e3o entre os principais produtos do agro, com a marca de US$ 2,5 bilh\u00f5es e 5,2 milh\u00f5es de toneladas. O complexo soja registrou queda de 10,2% na receita e aumento de 7,1% no volume. O resultado foi de US$ 3,2 bilh\u00f5es e 7,2 milh\u00f5es de toneladas.&#13;\n<\/p>\n<\/p><\/div>\n<p><script data-cfasync=\"false\">\n    !function (f, b, e, v, n, t, s) {\n        if (f.fbq) return; n = f.fbq = function () {\n            n.callMethod ?\n                n.callMethod.apply(n, arguments) : n.queue.push(arguments)\n        };\n        if (!f._fbq) f._fbq = n; n.push = n; n.loaded = !0; n.version = '2.0';\n        n.queue = []; t = b.createElement(e); t.async = !0;\n        t.src = v; s = b.getElementsByTagName(e)[0];\n        s.parentNode.insertBefore(t, s)\n    }(window, document, 'script',\n        'https:\/\/connect.facebook.net\/en_US\/fbevents.js');\n    fbq('init', '522546078623747');\n    fbq('track', 'PageView');\n<\/script><br \/>\n<br \/><br \/>\n<br \/><a href=\"https:\/\/www.agrolink.com.br\/noticias\/agronegocio-mineiro-movimenta-us--17-1-bilhoes_499884.html\">Source link <\/a><\/p>\n","protected":false},"excerpt":{"rendered":"<p>O agroneg\u00f3cio de Minas Gerais atingiu US$ 17,1 bilh\u00f5es em 2024. De acordo com a edi\u00e7\u00e3o de fevereiro do Boletim<\/p>\n","protected":false},"author":1,"featured_media":850,"comment_status":"open","ping_status":"open","sticky":false,"template":"","format":"standard","meta":{"_monsterinsights_skip_tracking":false,"_monsterinsights_sitenote_active":false,"_monsterinsights_sitenote_note":"","_monsterinsights_sitenote_category":0,"_uf_show_specific_survey":0,"_uf_disable_surveys":false,"footnotes":""},"categories":[8,1,14],"tags":[],"class_list":["post-10572","post","type-post","status-publish","format-standard","has-post-thumbnail","hentry","category-agro","category-news","category-politica-agro"],"_links":{"self":[{"href":"https:\/\/agromt.news\/index.php?rest_route=\/wp\/v2\/posts\/10572"}],"collection":[{"href":"https:\/\/agromt.news\/index.php?rest_route=\/wp\/v2\/posts"}],"about":[{"href":"https:\/\/agromt.news\/index.php?rest_route=\/wp\/v2\/types\/post"}],"author":[{"embeddable":true,"href":"https:\/\/agromt.news\/index.php?rest_route=\/wp\/v2\/users\/1"}],"replies":[{"embeddable":true,"href":"https:\/\/agromt.news\/index.php?rest_route=%2Fwp%2Fv2%2Fcomments&post=10572"}],"version-history":[{"count":0,"href":"https:\/\/agromt.news\/index.php?rest_route=\/wp\/v2\/posts\/10572\/revisions"}],"wp:featuredmedia":[{"embeddable":true,"href":"https:\/\/agromt.news\/index.php?rest_route=\/wp\/v2\/media\/850"}],"wp:attachment":[{"href":"https:\/\/agromt.news\/index.php?rest_route=%2Fwp%2Fv2%2Fmedia&parent=10572"}],"wp:term":[{"taxonomy":"category","embeddable":true,"href":"https:\/\/agromt.news\/index.php?rest_route=%2Fwp%2Fv2%2Fcategories&post=10572"},{"taxonomy":"post_tag","embeddable":true,"href":"https:\/\/agromt.news\/index.php?rest_route=%2Fwp%2Fv2%2Ftags&post=10572"}],"curies":[{"name":"wp","href":"https:\/\/api.w.org\/{rel}","templated":true}]}}