{"id":1057,"date":"2024-09-03T10:02:38","date_gmt":"2024-09-03T14:02:38","guid":{"rendered":"https:\/\/agromt.news\/?p=1057"},"modified":"2024-09-03T10:02:38","modified_gmt":"2024-09-03T14:02:38","slug":"setembro-comeca-com-expectativa-de-novas-altas-nos-precos-do-boi-gordo","status":"publish","type":"post","link":"https:\/\/agromt.news\/?p=1057","title":{"rendered":"Setembro come\u00e7a com expectativa de novas altas nos pre\u00e7os do boi gordo"},"content":{"rendered":"<p> <br \/>\n<\/p>\n<div>\n<p>O mercado f\u00edsico do boi gordo voltou a apresentar pre\u00e7os firmes nesta segunda-feira (2). O ambiente de neg\u00f3cios ainda sugere pela alta das cota\u00e7\u00f5es no curto prazo, em linha com a posi\u00e7\u00e3o das escalas de abate, que permanecem apertadas em grande parte do pa\u00eds, disse o analista da consultoria <strong><a href=\"https:\/\/safras.com.br\/\">Safras &amp; Mercado<\/a><\/strong>, Fernando Henrique Iglesias.<\/p>\n<p>A demanda aquecida de <strong><a href=\"https:\/\/www.canalrural.com.br\/pecuaria\/\">carne bovina<\/a><\/strong> \u00e9 outro elemento que justifica o otimismo em rela\u00e7\u00e3o a mercado, com exporta\u00e7\u00f5es recordes e o Brasil se consolidando como melhor alternativa global para o fornecimento da prote\u00edna animal.<\/p>\n<\/div>\n<div>\n<p>\u201cA demanda dom\u00e9stica tamb\u00e9m conta com seus predicados, com uma taxa de desocupa\u00e7\u00e3o baix\u00edssima, permitindo melhora dos indicadores de consumo no mercado interno\u201d, assinalou Iglesias.<\/p>\n<h2 class=\"wp-block-heading\" id=\"h-precos-da-arroba-do-boi\">Pre\u00e7os da arroba do boi<\/h2>\n<ul class=\"wp-block-list\">\n<li><strong>Mato Grosso do Sul:<\/strong> R$ 249,34<\/li>\n<\/ul>\n<h2 class=\"wp-block-heading\" id=\"h-mercada-atacadista\">Mercada atacadista<\/h2>\n<figure class=\"wp-block-image size-large\"><img fetchpriority=\"high\" decoding=\"async\" width=\"640\" height=\"362\" alt=\"carne bovina com osso - uruguai\" class=\"wp-image-2903702\"  data-lazy- src=\"https:\/\/agromt.news\/wp-content\/uploads\/2024\/09\/Setembro-comeca-com-expectativa-de-novas-altas-nos-precos-do.jpg\"\/><img decoding=\"async\" width=\"640\" height=\"362\" src=\"https:\/\/agromt.news\/wp-content\/uploads\/2024\/09\/Setembro-comeca-com-expectativa-de-novas-altas-nos-precos-do.jpg\" alt=\"carne bovina com osso - uruguai\" class=\"wp-image-2903702\"  \/><figcaption class=\"wp-element-caption\">Foto: Freepik<\/figcaption><\/figure>\n<p>O mercado atacadista ainda se depara com pre\u00e7os firmes para a carne bovina. Conforme Iglesias, a expectativa ainda \u00e9 pela alta das cota\u00e7\u00f5es durante a primeira quinzena do m\u00eas, em linha com a entrada dos sal\u00e1rios na economia, motivando a reposi\u00e7\u00e3o ao longo da cadeia produtiva. <\/p>\n<p>As exporta\u00e7\u00f5es em alt\u00edssimo n\u00edvel tamb\u00e9m favorecem, enxugando o mercado interno do boi.<\/p>\n<p>O quarto traseiro ainda \u00e9 precificado a R$ 18,00 por quilo. O quarto dianteiro segue no patamar de R$ 13,50 por quilo. A ponta de agulha ainda \u00e9 precificada a R$ 13,50 por quilo.<\/p>\n<h2 class=\"wp-block-heading\" id=\"h-cambio\">C\u00e2mbio<\/h2>\n<p>O d\u00f3lar comercial encerrou a sess\u00e3o em queda de 0,29%, sendo negociado a R$ 5,6156 para venda e a R$ 5,6136 para compra. Durante o dia, a moeda norte-americana oscilou entre a m\u00ednima de R$ 5,6041 e a m\u00e1xima de R$ 5,6596.<\/p>\n<\/div>\n<p><br \/>\n<br \/><a href=\"https:\/\/www.canalrural.com.br\/pecuaria\/setembro-comeca-com-expectativa-de-novas-altas-nos-precos-do-boi-gordo\/\">Source link <\/a><\/p>\n","protected":false},"excerpt":{"rendered":"<p>O mercado f\u00edsico do boi gordo voltou a apresentar pre\u00e7os firmes nesta segunda-feira (2). O ambiente de neg\u00f3cios ainda sugere<\/p>\n","protected":false},"author":1,"featured_media":1058,"comment_status":"open","ping_status":"open","sticky":false,"template":"","format":"standard","meta":{"_monsterinsights_skip_tracking":false,"_monsterinsights_sitenote_active":false,"_monsterinsights_sitenote_note":"","_monsterinsights_sitenote_category":0,"_uf_show_specific_survey":0,"_uf_disable_surveys":false,"footnotes":""},"categories":[1],"tags":[],"class_list":["post-1057","post","type-post","status-publish","format-standard","has-post-thumbnail","hentry","category-news"],"_links":{"self":[{"href":"https:\/\/agromt.news\/index.php?rest_route=\/wp\/v2\/posts\/1057"}],"collection":[{"href":"https:\/\/agromt.news\/index.php?rest_route=\/wp\/v2\/posts"}],"about":[{"href":"https:\/\/agromt.news\/index.php?rest_route=\/wp\/v2\/types\/post"}],"author":[{"embeddable":true,"href":"https:\/\/agromt.news\/index.php?rest_route=\/wp\/v2\/users\/1"}],"replies":[{"embeddable":true,"href":"https:\/\/agromt.news\/index.php?rest_route=%2Fwp%2Fv2%2Fcomments&post=1057"}],"version-history":[{"count":0,"href":"https:\/\/agromt.news\/index.php?rest_route=\/wp\/v2\/posts\/1057\/revisions"}],"wp:featuredmedia":[{"embeddable":true,"href":"https:\/\/agromt.news\/index.php?rest_route=\/wp\/v2\/media\/1058"}],"wp:attachment":[{"href":"https:\/\/agromt.news\/index.php?rest_route=%2Fwp%2Fv2%2Fmedia&parent=1057"}],"wp:term":[{"taxonomy":"category","embeddable":true,"href":"https:\/\/agromt.news\/index.php?rest_route=%2Fwp%2Fv2%2Fcategories&post=1057"},{"taxonomy":"post_tag","embeddable":true,"href":"https:\/\/agromt.news\/index.php?rest_route=%2Fwp%2Fv2%2Ftags&post=1057"}],"curies":[{"name":"wp","href":"https:\/\/api.w.org\/{rel}","templated":true}]}}