{"id":10568,"date":"2025-03-06T10:48:10","date_gmt":"2025-03-06T14:48:10","guid":{"rendered":"https:\/\/agromt.news\/?p=10568"},"modified":"2025-03-06T10:48:10","modified_gmt":"2025-03-06T14:48:10","slug":"exportacao-mundial-de-cafe-diminui-1329-em-janeiro","status":"publish","type":"post","link":"https:\/\/agromt.news\/?p=10568","title":{"rendered":"Exporta\u00e7\u00e3o mundial de caf\u00e9 diminui 13,29% em janeiro"},"content":{"rendered":"<p> <br \/>\n<br \/><img decoding=\"async\" src=\"https:\/\/agromt.news\/wp-content\/uploads\/2025\/03\/Exportacao-mundial-de-cafe-diminui-1329-em-janeiro.jpg\" \/><\/p>\n<div>\n<p>A exporta\u00e7\u00e3o mundial de caf\u00e9 alcan\u00e7ou 10,83 milh\u00f5es de sacas de 60 kg em janeiro, o quarto m\u00eas da safra 2024\/25. O volume corresponde a uma queda de 13,29% na compara\u00e7\u00e3o com igual m\u00eas de 2024 (12,49 milh\u00f5es de sacas). Os n\u00fameros fazem parte de relat\u00f3rio mensal da <strong><a href=\"https:\/\/www.canalrural.com.br\/tag\/oic\/\">Organiza\u00e7\u00e3o Internacional do Caf\u00e9 (OIC)<\/a><\/strong>.<\/p>\n<p>No acumulado dos quatro primeiros meses do ano comercial, os embarques somaram 42,79 milh\u00f5es de sacas, recuo de 4,93% ante igual per\u00edodo do ciclo 2023\/24, quando totalizaram 45,01 milh\u00f5es de sacas.<\/p>\n<\/div>\n<div>\n<p>Nos 12 meses encerrados em janeiro de 2025, a exporta\u00e7\u00e3o de ar\u00e1bica totalizou 85,7 milh\u00f5es de sacas, ante 76,33 milh\u00f5es de sacas em igual per\u00edodo do ano anterior, aumento de 12,28%. J\u00e1 o embarque de robusta diminuiu 3,13% na mesma compara\u00e7\u00e3o, de 51,71 milh\u00f5es para 50,09 milh\u00f5es de sacas.<\/p>\n<h2 class=\"wp-block-heading\" id=\"h-cafe-no-brasil\">Caf\u00e9 no Brasil<\/h2>\n<p>No Brasil, <strong><a href=\"https:\/\/www.canalrural.com.br\/agricultura\/cafe-com-r-6-milhoes-de-prejuizos-exportadores-sofrem-com-atrasos-em-embarques\/\">exportadores de caf\u00e9 sofrem com atrasos em embarques<\/a><\/strong>. De acordo com o Conselho dos Exportadores de Caf\u00e9 do Brasil (Cecaf\u00e9), elevados \u00edndices de atrasos e altera\u00e7\u00f5es regulares nas escalas dos navios para exporta\u00e7\u00e3o do gr\u00e3o, al\u00e9m de rolagens de cargas constantes, fizeram com que o pa\u00eds acumulasse 672.113 sacas de 60 kg (2.037 cont\u00eaineres) n\u00e3o embarcadas, nos portos, em janeiro de 2025, gerando preju\u00edzos da ordem de R$ 6,134 milh\u00f5es.<\/p>\n<\/p><\/div>\n<p><br \/>\n<br \/><a href=\"https:\/\/www.canalrural.com.br\/agricultura\/exportacao-mundial-de-cafe-diminui-1329-em-janeiro\/\">Source link <\/a><\/p>\n","protected":false},"excerpt":{"rendered":"<p>A exporta\u00e7\u00e3o mundial de caf\u00e9 alcan\u00e7ou 10,83 milh\u00f5es de sacas de 60 kg em janeiro, o quarto m\u00eas da safra<\/p>\n","protected":false},"author":1,"featured_media":10569,"comment_status":"open","ping_status":"open","sticky":false,"template":"","format":"standard","meta":{"_monsterinsights_skip_tracking":false,"_monsterinsights_sitenote_active":false,"_monsterinsights_sitenote_note":"","_monsterinsights_sitenote_category":0,"_uf_show_specific_survey":0,"_uf_disable_surveys":false,"footnotes":""},"categories":[1],"tags":[],"class_list":["post-10568","post","type-post","status-publish","format-standard","has-post-thumbnail","hentry","category-news"],"_links":{"self":[{"href":"https:\/\/agromt.news\/index.php?rest_route=\/wp\/v2\/posts\/10568"}],"collection":[{"href":"https:\/\/agromt.news\/index.php?rest_route=\/wp\/v2\/posts"}],"about":[{"href":"https:\/\/agromt.news\/index.php?rest_route=\/wp\/v2\/types\/post"}],"author":[{"embeddable":true,"href":"https:\/\/agromt.news\/index.php?rest_route=\/wp\/v2\/users\/1"}],"replies":[{"embeddable":true,"href":"https:\/\/agromt.news\/index.php?rest_route=%2Fwp%2Fv2%2Fcomments&post=10568"}],"version-history":[{"count":0,"href":"https:\/\/agromt.news\/index.php?rest_route=\/wp\/v2\/posts\/10568\/revisions"}],"wp:featuredmedia":[{"embeddable":true,"href":"https:\/\/agromt.news\/index.php?rest_route=\/wp\/v2\/media\/10569"}],"wp:attachment":[{"href":"https:\/\/agromt.news\/index.php?rest_route=%2Fwp%2Fv2%2Fmedia&parent=10568"}],"wp:term":[{"taxonomy":"category","embeddable":true,"href":"https:\/\/agromt.news\/index.php?rest_route=%2Fwp%2Fv2%2Fcategories&post=10568"},{"taxonomy":"post_tag","embeddable":true,"href":"https:\/\/agromt.news\/index.php?rest_route=%2Fwp%2Fv2%2Ftags&post=10568"}],"curies":[{"name":"wp","href":"https:\/\/api.w.org\/{rel}","templated":true}]}}