{"id":10566,"date":"2025-03-06T09:43:11","date_gmt":"2025-03-06T13:43:11","guid":{"rendered":"https:\/\/agromt.news\/?p=10566"},"modified":"2025-03-06T09:43:11","modified_gmt":"2025-03-06T13:43:11","slug":"frango-volume-e-faturamento-das-exportacoes-ate-a-2a-semana-de-fevereiro","status":"publish","type":"post","link":"https:\/\/agromt.news\/?p=10566","title":{"rendered":"Frango: volume e faturamento das exporta\u00e7\u00f5es at\u00e9 a 2\u00aa semana de fevereiro&#8230;"},"content":{"rendered":"<p> <br \/>\n<\/p>\n<div>\n<p><img decoding=\"async\" alt=\"Logotipo Not&#xED;cias Agr&#xED;colas\" height=\"21\" src=\"https:\/\/cdn.noticiasagricolas.com.br\/dbimagens\/e12363a00741f9cc7caf23469101a4aa.png\" width=\"106\"\/><\/p>\n<p>De acordo com informa\u00e7\u00f5es da Secretaria de Com\u00e9rcio Exterior (Secex) do Governo Federal, divulgadas nesta segunda-feira (17), as exporta\u00e7\u00f5es de carne de aves e suas miudezas comest\u00edveis, frescas, refrigeradas ou congeladas at\u00e9 a segunda semana de fevereiro (10 dias \u00fateis), atingiram mais de 70% referentes ao volume e faturamento de fevereiro do ano passado.<\/p>\n<p>A receita obtida com as exporta\u00e7\u00f5es de carne de frango at\u00e9 o momento no m\u00eas de fevereiro, US$ 460.596,979, representa 72,06% do total arrecadado em todo o m\u00eas de fevereiro de 2024, que foi de US$ 639.124,931. No caso do volume embarcado, as 259.770,24 toneladas representam 70,48% do volume registrado em fevereiro de 2024, quantidade de 368.530,306 toneladas.<\/p>\n<p>O faturamento por m\u00e9dia di\u00e1ria at\u00e9 este momento do m\u00eas foi de US$ 46.059,6979 quantia 36,9% a mais do que o registrado em fevereiro de 2024. No comparativo com a semana anterior, houve queda de 10,46% quando comparado aos US$ 51.442,724 vistos na semana passada.<\/p>\n<p>No caso das toneladas por m\u00e9dia di\u00e1ria, foram 25.977,024, houve aumento de 33,9% no comparativo com o mesmo m\u00eas de 2024. Quando comparado ao resultado no quesito da semana anterior, observa-se retra\u00e7\u00e3o de 9,44% em rela\u00e7\u00e3o \u00e0s 28.686,752 toneladas da semana anterior.<\/p>\n<p>J\u00e1 o pre\u00e7o pago por tonelada, US$ 1.773,093, \u00e9 2,2% superior ao praticado em fevereiro do ano passado. O resultado, frente ao valor atingido na semana anterior, representa redu\u00e7\u00e3o de 1,12% no comparativo ao valor de US$ 1.793,257 visto na semana passada.<\/p>\n<p>\u00a0<\/p>\n<\/p><\/div>\n<p><script async defer src=\"https:\/\/connect.facebook.net\/en_US\/sdk.js\" type=\"3d3f555cd3135ea90f2e3697-text\/javascript\"><\/script><script type=\"3d3f555cd3135ea90f2e3697-text\/javascript\">\n  !function(f,b,e,v,n,t,s)\n  {if(f.fbq)return;n=f.fbq=function(){n.callMethod?\n    n.callMethod.apply(n,arguments):n.queue.push(arguments)};\n    if(!f._fbq)f._fbq=n;n.push=n;n.loaded=!0;n.version='2.0';\n    n.queue=[];t=b.createElement(e);t.async=!0;\n    t.src=v;s=b.getElementsByTagName(e)[0];\n    s.parentNode.insertBefore(t,s)}(window, document,'script',\n    'https:\/\/connect.facebook.net\/en_US\/fbevents.js');\n  fbq('init', '153495679422335');\n  fbq('track', 'PageView');\n<\/script><br \/>\n<br \/><br \/>\n<br \/><a href=\"https:\/\/www.noticiasagricolas.com.br\/noticias\/granjeiros\/394572-frango-volume-e-faturamento-das-exportacoes-ate-a-2-semana-de-fevereiro-atingem-70-do-registrado-em-fevereiro-24.html\">Source link <\/a><\/p>\n","protected":false},"excerpt":{"rendered":"<p>De acordo com informa\u00e7\u00f5es da Secretaria de Com\u00e9rcio Exterior (Secex) do Governo Federal, divulgadas nesta segunda-feira (17), as exporta\u00e7\u00f5es de<\/p>\n","protected":false},"author":1,"featured_media":10567,"comment_status":"open","ping_status":"open","sticky":false,"template":"","format":"standard","meta":{"_monsterinsights_skip_tracking":false,"_monsterinsights_sitenote_active":false,"_monsterinsights_sitenote_note":"","_monsterinsights_sitenote_category":0,"_uf_show_specific_survey":0,"_uf_disable_surveys":false,"footnotes":""},"categories":[8,1,14,16],"tags":[],"class_list":["post-10566","post","type-post","status-publish","format-standard","has-post-thumbnail","hentry","category-agro","category-news","category-politica-agro","category-safra"],"_links":{"self":[{"href":"https:\/\/agromt.news\/index.php?rest_route=\/wp\/v2\/posts\/10566"}],"collection":[{"href":"https:\/\/agromt.news\/index.php?rest_route=\/wp\/v2\/posts"}],"about":[{"href":"https:\/\/agromt.news\/index.php?rest_route=\/wp\/v2\/types\/post"}],"author":[{"embeddable":true,"href":"https:\/\/agromt.news\/index.php?rest_route=\/wp\/v2\/users\/1"}],"replies":[{"embeddable":true,"href":"https:\/\/agromt.news\/index.php?rest_route=%2Fwp%2Fv2%2Fcomments&post=10566"}],"version-history":[{"count":0,"href":"https:\/\/agromt.news\/index.php?rest_route=\/wp\/v2\/posts\/10566\/revisions"}],"wp:featuredmedia":[{"embeddable":true,"href":"https:\/\/agromt.news\/index.php?rest_route=\/wp\/v2\/media\/10567"}],"wp:attachment":[{"href":"https:\/\/agromt.news\/index.php?rest_route=%2Fwp%2Fv2%2Fmedia&parent=10566"}],"wp:term":[{"taxonomy":"category","embeddable":true,"href":"https:\/\/agromt.news\/index.php?rest_route=%2Fwp%2Fv2%2Fcategories&post=10566"},{"taxonomy":"post_tag","embeddable":true,"href":"https:\/\/agromt.news\/index.php?rest_route=%2Fwp%2Fv2%2Ftags&post=10566"}],"curies":[{"name":"wp","href":"https:\/\/api.w.org\/{rel}","templated":true}]}}