{"id":10565,"date":"2025-03-06T09:34:36","date_gmt":"2025-03-06T13:34:36","guid":{"rendered":"https:\/\/agromt.news\/?p=10565"},"modified":"2025-03-06T09:34:36","modified_gmt":"2025-03-06T13:34:36","slug":"preco-dos-alimentos-sera-tema-de-reunioes-do-governo-hoje","status":"publish","type":"post","link":"https:\/\/agromt.news\/?p=10565","title":{"rendered":"Pre\u00e7o dos alimentos ser\u00e1 tema de reuni\u00f5es do governo hoje"},"content":{"rendered":"<p> <br \/>\n<br \/><img decoding=\"async\" src=\"https:\/\/agromt.news\/wp-content\/uploads\/2024\/10\/roughage-2701476_1920.jpg\" \/><\/p>\n<div>\n<p>O governo federal realiza, nesta quinta-feira (6), duas reuni\u00f5es para tratar do pre\u00e7o dos alimentos, que preocupa o Executivo em meio a uma queda hist\u00f3rica na popularidade do <strong><a href=\"https:\/\/www.canalrural.com.br\/tag\/lula\/\">presidente Luiz In\u00e1cio Lula da Silva (PT)<\/a><\/strong>. A primeira reuni\u00e3o acontece pela manh\u00e3, no Pal\u00e1cio do Planalto.<\/p>\n<p>O encontro da tarde ser\u00e1 com representantes de entidades do setor aliment\u00edcio como a <strong><a href=\"https:\/\/www.canalrural.com.br\/tag\/abpa\/\">Associa\u00e7\u00e3o Brasileira de Prote\u00edna Animal (ABPA)<\/a><\/strong>, da A<strong><a href=\"https:\/\/www.canalrural.com.br\/tag\/abiec\/\">ssocia\u00e7\u00e3o Brasileira das Ind\u00fastrias Exportadoras de Carne (ABIEC)<\/a><\/strong>, da Associa\u00e7\u00e3o Brasileira de Supermercados (ABRAS), da <strong><a href=\"https:\/\/www.canalrural.com.br\/tag\/abia\/\">Associa\u00e7\u00e3o Brasileira da Ind\u00fastria de Alimentos (ABIA)<\/a><\/strong> e da <strong><a href=\"https:\/\/www.canalrural.com.br\/tag\/abiove\/\">Associa\u00e7\u00e3o Brasileira das Ind\u00fastrias de \u00d3leos Vegetais (ABIOVE)<\/a><\/strong>.<\/p>\n<p>Os encontros t\u00eam o objetivo de procurar solu\u00e7\u00f5es para diminuir o pre\u00e7o dos alimentos e ser\u00e3o comandados pelo vice-presidente e ministro do Desenvolvimento, Ind\u00fastria, Com\u00e9rcio e Servi\u00e7os, Geraldo Alckmin, e tamb\u00e9m ter\u00e1 presen\u00e7a dos ministros Rui Costa (Casa Civil), Carlos F\u00e1varo (Agricultura), Paulo Teixeira (Desenvolvimento Agr\u00e1rio).<\/p>\n<\/div>\n<div>\n<p>O secret\u00e1rio-executivo do minist\u00e9rio da Fazenda, Dario Durigan, e o secret\u00e1rio de Pol\u00edtica<br \/>Econ\u00f4mica, Guilherme Mello, representam o ministro Fernando Haddad, que est\u00e1 em S\u00e3o Paulo.<\/p>\n<p>No come\u00e7o do m\u00eas, a Frente Parlamentar da Agropecu\u00e1ria (FPA) entregou ao governo federal um documento contendo 20 propostas para ajudar a combater a infla\u00e7\u00e3o de alimentos no Brasil.<\/p>\n<p>O documento credita o impulso da infla\u00e7\u00e3o ao aumento dos gastos p\u00fablicos e \u00e0 desvaloriza\u00e7\u00e3o cambial. E teme pela aplica\u00e7\u00e3o de \u201cmedidas heterodoxas\u201d por parte do governo que possam vir a prejudicar o setor produtivo, propondo medidas de fortalecimento da produ\u00e7\u00e3o interna, como a diminui\u00e7\u00e3o de impostos.<\/p>\n<\/p><\/div>\n<p><br \/>\n<br \/><a href=\"https:\/\/www.canalrural.com.br\/politica\/preco-dos-alimentos-sera-tema-de-reunioes-do-governo-hoje\/\">Source link <\/a><\/p>\n","protected":false},"excerpt":{"rendered":"<p>O governo federal realiza, nesta quinta-feira (6), duas reuni\u00f5es para tratar do pre\u00e7o dos alimentos, que preocupa o Executivo em<\/p>\n","protected":false},"author":1,"featured_media":3577,"comment_status":"open","ping_status":"open","sticky":false,"template":"","format":"standard","meta":{"_monsterinsights_skip_tracking":false,"_monsterinsights_sitenote_active":false,"_monsterinsights_sitenote_note":"","_monsterinsights_sitenote_category":0,"_uf_show_specific_survey":0,"_uf_disable_surveys":false,"footnotes":""},"categories":[1],"tags":[],"class_list":["post-10565","post","type-post","status-publish","format-standard","has-post-thumbnail","hentry","category-news"],"_links":{"self":[{"href":"https:\/\/agromt.news\/index.php?rest_route=\/wp\/v2\/posts\/10565"}],"collection":[{"href":"https:\/\/agromt.news\/index.php?rest_route=\/wp\/v2\/posts"}],"about":[{"href":"https:\/\/agromt.news\/index.php?rest_route=\/wp\/v2\/types\/post"}],"author":[{"embeddable":true,"href":"https:\/\/agromt.news\/index.php?rest_route=\/wp\/v2\/users\/1"}],"replies":[{"embeddable":true,"href":"https:\/\/agromt.news\/index.php?rest_route=%2Fwp%2Fv2%2Fcomments&post=10565"}],"version-history":[{"count":0,"href":"https:\/\/agromt.news\/index.php?rest_route=\/wp\/v2\/posts\/10565\/revisions"}],"wp:featuredmedia":[{"embeddable":true,"href":"https:\/\/agromt.news\/index.php?rest_route=\/wp\/v2\/media\/3577"}],"wp:attachment":[{"href":"https:\/\/agromt.news\/index.php?rest_route=%2Fwp%2Fv2%2Fmedia&parent=10565"}],"wp:term":[{"taxonomy":"category","embeddable":true,"href":"https:\/\/agromt.news\/index.php?rest_route=%2Fwp%2Fv2%2Fcategories&post=10565"},{"taxonomy":"post_tag","embeddable":true,"href":"https:\/\/agromt.news\/index.php?rest_route=%2Fwp%2Fv2%2Ftags&post=10565"}],"curies":[{"name":"wp","href":"https:\/\/api.w.org\/{rel}","templated":true}]}}