{"id":10564,"date":"2025-03-06T09:19:46","date_gmt":"2025-03-06T13:19:46","guid":{"rendered":"https:\/\/agromt.news\/?p=10564"},"modified":"2025-03-06T09:19:46","modified_gmt":"2025-03-06T13:19:46","slug":"plantio-do-trigo-safrinha-inicia-com-boas-projecoes","status":"publish","type":"post","link":"https:\/\/agromt.news\/?p=10564","title":{"rendered":"Plantio do trigo safrinha inicia com boas proje\u00e7\u00f5es"},"content":{"rendered":"<p> <br \/>\n<\/p>\n<div>\n<p style=\"text-align:justify\">O m\u00eas de mar\u00e7o marca o in\u00edcio do plantio do <a href=\"https:\/\/www.agrolink.com.br\/culturas\/trigo\/?utm_source=agrolink-detalhe-noticia&amp;utm_medium=detalhe-noticia&amp;utm_campaign=links-internos\" target=\"_blank\" rel=\"noopener\">trigo<\/a> safrinha no Cerrado, per\u00edodo em que a cultura pode ser semeada ap\u00f3s a colheita da <a href=\"https:\/\/www.agrolink.com.br\/culturas\/soja?utm_source=agrolink-detalhe-noticia&amp;utm_medium=detalhe-noticia&amp;utm_campaign=links-internos\" target=\"_blank\" rel=\"noopener\">soja<\/a> sem irriga\u00e7\u00e3o, aproveitando o final da esta\u00e7\u00e3o chuvosa. Segundo dados da Embrapa, a \u00e1rea plantada pode chegar a 250 mil hectares, representando um crescimento entre 5% e 10% em rela\u00e7\u00e3o \u00e0 safra anterior. Em Goi\u00e1s, o crescimento pode ser ainda maior, atingindo at\u00e9 15%.&#13;\n<\/p>\n<p style=\"text-align:justify\">O trigo safrinha vem conquistando produtores interessados em diversifica\u00e7\u00e3o de culturas. \u201cO cultivo do trigo safrinha tem avan\u00e7ado principalmente entre produtores que desejam diversificar culturas, mitigar problemas e diminuir riscos ou, ainda, para aproveitar \u00e1reas que ficariam em pousio ou seriam cultivadas com plantas de cobertura\u201d, destacam os pesquisadores da Embrapa.<\/p>\n<p style=\"text-align:justify\">Com o desenvolvimento de cultivares mais adaptadas ao Cerrado, como a BRS 404, da Embrapa, o trigo tem se consolidado no plantio direto e na rota\u00e7\u00e3o com soja, milho e sorgo. A pr\u00e1tica auxilia na quebra do ciclo de pragas e doen\u00e7as, incluindo fungos de solo e nematoides. &#8220;Outro benef\u00edcio \u00e9 a possibilidade de rotacionar princ\u00edpios ativos de defensivos agr\u00edcolas, como herbicidas que podem agir no controle de plantas daninhas resistentes ao glifosato usado nas lavouras de soja RR, assim como no controle de plantas dessa cultura germinadas ap\u00f3s a colheita, contribuindo tanto com o vazio sanit\u00e1rio como para eliminar plantas tigueras de cultivos de milho na \u00e1rea&#8221;, aponta a Embrapa.<\/p>\n<p style=\"text-align:justify\">Segundo a Embrapa, a\u00a0ado\u00e7\u00e3o do trigo ap\u00f3s a soja permite a possibilidade de utilizar soja\u00a0de ciclo mais longo, com maior potencial produtivo em compara\u00e7\u00e3o com variedades precoces voltadas ao milho safrinha. Al\u00e9m disso, o trigo do Cerrado \u00e9 o primeiro a ser colhido no Brasil, permitindo comercializa\u00e7\u00e3o a pre\u00e7os mais atrativos.\u00a0\u201cA colheita do trigo safrinha \u00e9 realizada no per\u00edodo seco, entre os meses de junho e julho, o que tem garantido um produto de excelente qualidade de gr\u00e3os e livre das micotoxinas que costumam afetar lavouras do Sul do Pa\u00eds em anos de muita chuva na colheita, como a giberela\u201d, observa J\u00falio Albrecht, pesquisador da Embrapa Cerrados (DF). Os rendimentos das lavouras t\u00eam variado de 35 a 65 sc\/ha em anos de precipita\u00e7\u00e3o normal, e as receitas com as vendas t\u00eam estimulado os produtores a ampliarem a \u00e1rea cultivada na regi\u00e3o.&#13;\n<\/p>\n<p style=\"text-align:justify\">O cultivo do trigo safrinha no Cerrado requer planejamento e aten\u00e7\u00e3o \u00e0s condi\u00e7\u00f5es edafoclim\u00e1ticas para garantir a produtividade. Segundo os pesquisadores J\u00falio Albrecht e Jorge Chagas, o trigo de sequeiro \u00e9 indicado para \u00e1reas com altitude acima de 800 metros, sendo essencial que o produtor escolha cultivares adaptadas e consulte o zoneamento agr\u00edcola de risco clim\u00e1tico, dispon\u00edvel no Minist\u00e9rio da Agricultura e Pecu\u00e1ria e no aplicativo Zarc Plantio Certo. Antes do plantio, a an\u00e1lise e corre\u00e7\u00e3o do solo s\u00e3o fundamentais: a acidez deve ser corrigida com calc\u00e1rio, enquanto o alum\u00ednio em profundidade pode ser neutralizado com gesso agr\u00edcola. Al\u00e9m disso, a elimina\u00e7\u00e3o de camadas compactadas favorece o aprofundamento das ra\u00edzes, permitindo melhor absor\u00e7\u00e3o de \u00e1gua e nutrientes, o que reduz os impactos de per\u00edodos secos.<\/p>\n<p style=\"text-align:justify\">O manejo adequado tamb\u00e9m inclui a pr\u00e1tica do plantio direto, em que a semeadura ocorre sobre a palhada da cultura anterior, ajudando a conservar a umidade do solo e reduzir perdas por evapotranspira\u00e7\u00e3o. Para otimizar a produtividade, a semeadura deve ocorrer entre o in\u00edcio e o final de mar\u00e7o, ajustando-se ao regime de chuvas da regi\u00e3o. O escalonamento do plantio e a escolha de cultivares resistentes a doen\u00e7as e estiagem s\u00e3o estrat\u00e9gias recomendadas. No in\u00edcio da safra, \u00e9 prefer\u00edvel utilizar cultivares mais tolerantes a doen\u00e7as como a brusone, que pode ser intensificada por chuvas excessivas. J\u00e1 para semeaduras tardias, ap\u00f3s 15 de mar\u00e7o, o ideal \u00e9 optar por variedades mais resistentes \u00e0 seca, considerando que altas temperaturas e veranicos podem comprometer o desenvolvimento das lavouras.<\/p>\n<p style=\"text-align:justify\">A cultivar BRS 404, desenvolvida pela Embrapa, foi especialmente adaptada para regi\u00f5es de baixa precipita\u00e7\u00e3o e aproveita a umidade residual do solo. Com ciclo precoce de 105 a 118 dias, o trigo atinge espigamento entre 57 e 67 dias ap\u00f3s a semeadura, dependendo da altitude da \u00e1rea de cultivo.&#13;\n<\/p>\n<p style=\"text-align:justify\">Entre suas caracter\u00edsticas, a BRS 404 apresenta toler\u00e2ncia ao d\u00e9ficit h\u00eddrico, ao calor e ao alum\u00ednio no solo, al\u00e9m de elevada produ\u00e7\u00e3o de palhada e excelente qualidade dos gr\u00e3os. Os pesquisadores alertam, por\u00e9m, para uma moderada suscetibilidade \u00e0 brusone e \u00e0 mancha amarela. Com o aumento da \u00e1rea plantada e o fortalecimento do trigo safrinha no Cerrado do Brasil Central, o cereal se consolida como alternativa vi\u00e1vel para produtores que buscam inova\u00e7\u00e3o e sustentabilidade no sistema produtivo.<\/p>\n<\/p><\/div>\n<p><script data-cfasync=\"false\">\n    !function (f, b, e, v, n, t, s) {\n        if (f.fbq) return; n = f.fbq = function () {\n            n.callMethod ?\n                n.callMethod.apply(n, arguments) : n.queue.push(arguments)\n        };\n        if (!f._fbq) f._fbq = n; n.push = n; n.loaded = !0; n.version = '2.0';\n        n.queue = []; t = b.createElement(e); t.async = !0;\n        t.src = v; s = b.getElementsByTagName(e)[0];\n        s.parentNode.insertBefore(t, s)\n    }(window, document, 'script',\n        'https:\/\/connect.facebook.net\/en_US\/fbevents.js');\n    fbq('init', '522546078623747');\n    fbq('track', 'PageView');\n<\/script><br \/>\n<br \/><br \/>\n<br \/><a href=\"https:\/\/www.agrolink.com.br\/noticias\/plantio-do-trigo-safrinha-inicia-com-boas-projecoes_499885.html\">Source link <\/a><\/p>\n","protected":false},"excerpt":{"rendered":"<p>O m\u00eas de mar\u00e7o marca o in\u00edcio do plantio do trigo safrinha no Cerrado, per\u00edodo em que a cultura pode<\/p>\n","protected":false},"author":1,"featured_media":5061,"comment_status":"open","ping_status":"open","sticky":false,"template":"","format":"standard","meta":{"_monsterinsights_skip_tracking":false,"_monsterinsights_sitenote_active":false,"_monsterinsights_sitenote_note":"","_monsterinsights_sitenote_category":0,"_uf_show_specific_survey":0,"_uf_disable_surveys":false,"footnotes":""},"categories":[8,1,14],"tags":[],"class_list":["post-10564","post","type-post","status-publish","format-standard","has-post-thumbnail","hentry","category-agro","category-news","category-politica-agro"],"_links":{"self":[{"href":"https:\/\/agromt.news\/index.php?rest_route=\/wp\/v2\/posts\/10564"}],"collection":[{"href":"https:\/\/agromt.news\/index.php?rest_route=\/wp\/v2\/posts"}],"about":[{"href":"https:\/\/agromt.news\/index.php?rest_route=\/wp\/v2\/types\/post"}],"author":[{"embeddable":true,"href":"https:\/\/agromt.news\/index.php?rest_route=\/wp\/v2\/users\/1"}],"replies":[{"embeddable":true,"href":"https:\/\/agromt.news\/index.php?rest_route=%2Fwp%2Fv2%2Fcomments&post=10564"}],"version-history":[{"count":0,"href":"https:\/\/agromt.news\/index.php?rest_route=\/wp\/v2\/posts\/10564\/revisions"}],"wp:featuredmedia":[{"embeddable":true,"href":"https:\/\/agromt.news\/index.php?rest_route=\/wp\/v2\/media\/5061"}],"wp:attachment":[{"href":"https:\/\/agromt.news\/index.php?rest_route=%2Fwp%2Fv2%2Fmedia&parent=10564"}],"wp:term":[{"taxonomy":"category","embeddable":true,"href":"https:\/\/agromt.news\/index.php?rest_route=%2Fwp%2Fv2%2Fcategories&post=10564"},{"taxonomy":"post_tag","embeddable":true,"href":"https:\/\/agromt.news\/index.php?rest_route=%2Fwp%2Fv2%2Ftags&post=10564"}],"curies":[{"name":"wp","href":"https:\/\/api.w.org\/{rel}","templated":true}]}}