{"id":10560,"date":"2025-03-06T07:54:59","date_gmt":"2025-03-06T11:54:59","guid":{"rendered":"https:\/\/agromt.news\/?p=10560"},"modified":"2025-03-06T07:54:59","modified_gmt":"2025-03-06T11:54:59","slug":"alckmin-agenda-conversa-com-secretario-de-comercio-dos-eua","status":"publish","type":"post","link":"https:\/\/agromt.news\/?p=10560","title":{"rendered":"Alckmin agenda conversa com secret\u00e1rio de com\u00e9rcio dos EUA"},"content":{"rendered":"<p> <br \/>\n<br \/><img decoding=\"async\" src=\"https:\/\/agromt.news\/wp-content\/uploads\/2025\/03\/Alckmin-agenda-conversa-com-secretario-de-comercio-dos-EUA.jpg\" \/><\/p>\n<div>\n<p>O vice-presidente e ministro do Desenvolvimento, Ind\u00fastria, Com\u00e9rcio e Servi\u00e7os, Geraldo Alckmin, vai conversar nesta quinta-feira (6), com o secret\u00e1rio de Com\u00e9rcio dos Estados Unidos, Howard Lutnick. O encontro, por videoconfer\u00eancia, est\u00e1 marcado para \u00e0s 17h30.<\/p>\n<p>A expectativa \u00e9 de que Alckmin trate na reuni\u00e3o sobre <strong><a href=\"https:\/\/www.canalrural.com.br\/internacional\/trump-afirma-que-o-brasil-e-um-dos-paises-que-cobram-demais-dos-eua\/\">as tarifas anunciadas pelos EUA <\/a><\/strong>que devem afetar produtos brasileiros, em especial o a\u00e7o, cuja sobretaxa j\u00e1 tem previs\u00e3o de entrar em vigor na pr\u00f3xima quarta-feira (12).<\/p>\n<p>O presidente executivo do Instituto A\u00e7o Brasil, Marco Polo de Mello Lopes, disse esperar que o pa\u00eds consiga recompor o acordo de cotas de exporta\u00e7\u00e3o fechado em 2018 com os americanos, na primeira gest\u00e3o de Donald Trump. A aposta de Lopes gira em torno da conversa de Alckmin com Lutnick.<\/p>\n<\/div>\n<div>\n<p>Na ter\u00e7a (4), Donald Trump refor\u00e7ou seu plano de impor tarifas de 25% sobre o a\u00e7o e o alum\u00ednio que chegam de fora aos Estados Unidos. Aqui, por sua vez, o setor sider\u00fargico aposta na fun\u00e7\u00e3o estrat\u00e9gica que o a\u00e7o brasileiro exportado exerce na ind\u00fastria americana para manter o acordo de 2018. <\/p>\n<p>Se depender de Trump, o Brasil pode exportar anualmente 3,5 milh\u00f5es de toneladas de a\u00e7o semiacabado e 687 mil toneladas de laminados aos EUA, arranjo que evitou a sobretaxa anunciada pelo republicano em seu primeiro mandato.<\/p>\n<p>Na gest\u00e3o Trump 2, a velocidade das negocia\u00e7\u00f5es de alto n\u00edvel com os Estados Unidos foi impactada porque apenas recentemente os indicados do republicano para a \u00e1rea de com\u00e9rcio foram confirmados pelo Senado americano. <\/p>\n<p>Entre os principais nomes est\u00e3o Lutnick, com quem Alckmin conversar\u00e1, e Jamieson Greer, escolhido como representante de Com\u00e9rcio dos Estados Unidos (USTR). A expectativa de integrantes do governo \u00e9 de que a reuni\u00e3o com o secret\u00e1rio de Com\u00e9rcio seja um divisor nas tratativas com os americanos.<\/p>\n<\/p><\/div>\n<p><br \/>\n<br \/><a href=\"https:\/\/www.canalrural.com.br\/economia\/alckmin-agenda-conversa-com-secretario-de-comercio-dos-eua-por-video\/\">Source link <\/a><\/p>\n","protected":false},"excerpt":{"rendered":"<p>O vice-presidente e ministro do Desenvolvimento, Ind\u00fastria, Com\u00e9rcio e Servi\u00e7os, Geraldo Alckmin, vai conversar nesta quinta-feira (6), com o secret\u00e1rio<\/p>\n","protected":false},"author":1,"featured_media":10561,"comment_status":"open","ping_status":"open","sticky":false,"template":"","format":"standard","meta":{"_monsterinsights_skip_tracking":false,"_monsterinsights_sitenote_active":false,"_monsterinsights_sitenote_note":"","_monsterinsights_sitenote_category":0,"_uf_show_specific_survey":0,"_uf_disable_surveys":false,"footnotes":""},"categories":[1],"tags":[],"class_list":["post-10560","post","type-post","status-publish","format-standard","has-post-thumbnail","hentry","category-news"],"_links":{"self":[{"href":"https:\/\/agromt.news\/index.php?rest_route=\/wp\/v2\/posts\/10560"}],"collection":[{"href":"https:\/\/agromt.news\/index.php?rest_route=\/wp\/v2\/posts"}],"about":[{"href":"https:\/\/agromt.news\/index.php?rest_route=\/wp\/v2\/types\/post"}],"author":[{"embeddable":true,"href":"https:\/\/agromt.news\/index.php?rest_route=\/wp\/v2\/users\/1"}],"replies":[{"embeddable":true,"href":"https:\/\/agromt.news\/index.php?rest_route=%2Fwp%2Fv2%2Fcomments&post=10560"}],"version-history":[{"count":0,"href":"https:\/\/agromt.news\/index.php?rest_route=\/wp\/v2\/posts\/10560\/revisions"}],"wp:featuredmedia":[{"embeddable":true,"href":"https:\/\/agromt.news\/index.php?rest_route=\/wp\/v2\/media\/10561"}],"wp:attachment":[{"href":"https:\/\/agromt.news\/index.php?rest_route=%2Fwp%2Fv2%2Fmedia&parent=10560"}],"wp:term":[{"taxonomy":"category","embeddable":true,"href":"https:\/\/agromt.news\/index.php?rest_route=%2Fwp%2Fv2%2Fcategories&post=10560"},{"taxonomy":"post_tag","embeddable":true,"href":"https:\/\/agromt.news\/index.php?rest_route=%2Fwp%2Fv2%2Ftags&post=10560"}],"curies":[{"name":"wp","href":"https:\/\/api.w.org\/{rel}","templated":true}]}}