{"id":10558,"date":"2025-03-06T07:27:30","date_gmt":"2025-03-06T11:27:30","guid":{"rendered":"https:\/\/agromt.news\/?p=10558"},"modified":"2025-03-06T07:27:30","modified_gmt":"2025-03-06T11:27:30","slug":"seloverde-mg-abre-porteiras-para-o-mercado-internacional","status":"publish","type":"post","link":"https:\/\/agromt.news\/?p=10558","title":{"rendered":"&#8216;SeloVerde MG&#8217; abre porteiras para o mercado internacional"},"content":{"rendered":"<p> <br \/>\n<br \/><img decoding=\"async\" src=\"https:\/\/agromt.news\/wp-content\/uploads\/2025\/03\/SeloVerde-MG-abre-porteiras-para-o-mercado-internacional.png\" \/><\/p>\n<div>\n<p>O setor agropecu\u00e1rio brasileiro enfrenta um novo desafio com a Regulamenta\u00e7\u00e3o para Produtos Livres de Desmatamento (EUDR \u2013 sigla em ingl\u00eas), da Uni\u00e3o Europeia (UE). <\/p>\n<p>A norma pro\u00edbe a importa\u00e7\u00e3o de produtos agropecu\u00e1rios originados de \u00e1reas <a href=\"https:\/\/www.canalrural.com.br\/sustentabilidade\/cerrado-recuperacao-de-areas-desmatadas-pode-gerar-r-781-bi-em-receitas\/\">desmatadas<\/a>  a partir dezembro de 2020. <\/p>\n<p>A regulamenta\u00e7\u00e3o entrar\u00e1 em vigor no pa\u00eds, no dia 30 de dezembro de 2025, para grandes propriedades rurais e, 30 de junho de 2026, para os micro e pequenos produtores rurais.<\/p>\n<p>Diante deste cen\u00e1rio, a plataforma<a href=\"https:\/\/www.mg.gov.br\/agricultura\/noticias\/seloverde-atesta-conformidade-do-agro-mineiro-para-exportacao-uniao-europeia\"> SeloVerde MG<\/a> se consolida como uma ferramenta essencial para produtores mineiros que desejam manter acesso ao mercado europeu. <\/p>\n<p>O sistema, lan\u00e7ado em 2023, utiliza an\u00e1lises geoespaciais avan\u00e7adas para atestar a conformidade ambiental de propriedades rurais registradas no Cadastro Ambiental Rural (CAR), garantindo que as atividades sejam sustent\u00e1veis e estejam dentro das novas exig\u00eancias internacionais. <\/p>\n<h2 class=\"wp-block-heading\" id=\"h-adequacao-ambiental-e-certificacao-digital\">Adequa\u00e7\u00e3o ambiental e certifica\u00e7\u00e3o digital<\/h2>\n<p>Com a regulamenta\u00e7\u00e3o europeia se aproximando, os produtores brasileiros precisam demonstrar que seus produtos n\u00e3o contribuem para o desmatamento ilegal. <\/p>\n<p>O <strong>Selo Verde MG<\/strong> j\u00e1 certifica a adequa\u00e7\u00e3o de 97% das propriedades de pecu\u00e1ria bovina e 95% das \u00e1reas de soja no estado. <\/p>\n<p>A emiss\u00e3o gratuita de certid\u00f5es de conformidade<a href=\"https:\/\/www.canalrural.com.br\/empreendedorismo\/produtores-da-zona-da-mata-de-minas-gerais-garantem-licenca-ambiental\/\"> ambiental<\/a>, \u00e9 uma ferramenta valiosa para os produtores que buscam comprovar sua ades\u00e3o \u00e0s pr\u00e1ticas de preserva\u00e7\u00e3o.\u00a0<\/p>\n<p>Al\u00e9m disso, a plataforma n\u00e3o apenas comprova a conformidade ambiental, mas tamb\u00e9m ajuda os produtores a fortalecerem sua rastreabilidade, um dos principais crit\u00e9rios exigidos pelo mercado global.<\/p>\n<p>Segundo Thales Fernandes, secret\u00e1rio de Agricultura, Pecu\u00e1ria e Abastecimento de Minas Gerais, o detalhamento do parque cafeeiro de Minas por meio da <a href=\"https:\/\/seloverde.meioambiente.mg.gov.br\/\">SeloVerde MG <\/a>j\u00e1 trouxe informa\u00e7\u00f5es valiosas.<\/p>\n<\/div>\n<div>\n<blockquote class=\"wp-block-quote is-layout-flow wp-block-quote-is-layout-flow\">\n<p>\u201cDe todas as propriedades analisadas que produzem caf\u00e9, 99% est\u00e3o em conformidade, o que habilita os nossos produtores a exportar conforme as exig\u00eancias impostas pela Uni\u00e3o Europeia\u201d, revela Fernandes. <\/p>\n<\/blockquote>\n<p>A ferramenta inclui todos os produtores rurais de Minas Gerais por meio do CAR, o que significa mais de 1 milh\u00e3o de propriedades georreferenciadas.<\/p>\n<p>A plataforma j\u00e1 integra as culturas do caf\u00e9, <a href=\"https:\/\/www.canalrural.com.br\/agricultura\/projeto-soja-brasil\/como-ficaram-os-precos-da-soja-apos-o-periodo-de-carnaval\/\">soja<\/a>, pecu\u00e1ria bovina, cana-de-a\u00e7\u00facar e eucalipto, com informa\u00e7\u00f5es individualizadas das propriedades a respeito do cumprimento da legisla\u00e7\u00e3o nacional, rastreabilidade e crit\u00e9rios socioambientais para exporta\u00e7\u00e3o de commodities agr\u00edcolas.\u00a0<\/p>\n<p>O <strong>SeloVerde MG <\/strong>\u00e9 fruto da parceria entre o Instituto Estadual de Florestas (IEF), a Secretaria de Agricultura, Pecu\u00e1ria e Abastecimento de Minas Gerais (Seapa) e a UFMG, com suporte do programa AL-INVEST Verde da Uni\u00e3o Europeia. <\/p>\n<p><a href=\"https:\/\/seloverde.meioambiente.mg.gov.br\/\">Clique aqui para acessar o SeloVerde MG.<\/a><\/p>\n<ul class=\"wp-block-list\">\n<li>Participe do Porteira Aberta Empreender: envie perguntas, sugest\u00f5es e conte sua hist\u00f3ria de empreendedorismo pelo\u00a0<a href=\"https:\/\/api.whatsapp.com\/send?phone=5511932796720&amp;PorteiraAbertaEmpreender=SuaMensagem\">WhatsApp<\/a><\/li>\n<\/ul>\n<p>Acompanhe as novidades no site do\u00a0<a href=\"https:\/\/www.canalrural.com.br\/empreendedorismo\/\">Canal Rural\/ Empreendedorismo<\/a>\u00a0e aprenda a empreender de forma segura e respons\u00e1vel.<\/p>\n<p>Participe enviando d\u00favidas, sugest\u00f5es e compartilhando sua hist\u00f3ria de empreendedorismo rural pelo nosso<a href=\"https:\/\/api.whatsapp.com\/send?phone=5511932796720&amp;PorteiraAbertaEmpreender=SuaMensagem\">\u00a0WhatsApp.<\/a><\/p>\n<p><strong>Fonte:<\/strong> Secretaria de Estado de Agricultura<\/p>\n<\/p><\/div>\n<p><br \/>\n<br \/><a href=\"https:\/\/www.canalrural.com.br\/empreendedorismo\/seloverde-mg-abre-porteiras-para-o-mercado-internacional\/\">Source link <\/a><\/p>\n","protected":false},"excerpt":{"rendered":"<p>O setor agropecu\u00e1rio brasileiro enfrenta um novo desafio com a Regulamenta\u00e7\u00e3o para Produtos Livres de Desmatamento (EUDR \u2013 sigla em<\/p>\n","protected":false},"author":1,"featured_media":10559,"comment_status":"open","ping_status":"open","sticky":false,"template":"","format":"standard","meta":{"_monsterinsights_skip_tracking":false,"_monsterinsights_sitenote_active":false,"_monsterinsights_sitenote_note":"","_monsterinsights_sitenote_category":0,"_uf_show_specific_survey":0,"_uf_disable_surveys":false,"footnotes":""},"categories":[1],"tags":[],"class_list":["post-10558","post","type-post","status-publish","format-standard","has-post-thumbnail","hentry","category-news"],"_links":{"self":[{"href":"https:\/\/agromt.news\/index.php?rest_route=\/wp\/v2\/posts\/10558"}],"collection":[{"href":"https:\/\/agromt.news\/index.php?rest_route=\/wp\/v2\/posts"}],"about":[{"href":"https:\/\/agromt.news\/index.php?rest_route=\/wp\/v2\/types\/post"}],"author":[{"embeddable":true,"href":"https:\/\/agromt.news\/index.php?rest_route=\/wp\/v2\/users\/1"}],"replies":[{"embeddable":true,"href":"https:\/\/agromt.news\/index.php?rest_route=%2Fwp%2Fv2%2Fcomments&post=10558"}],"version-history":[{"count":0,"href":"https:\/\/agromt.news\/index.php?rest_route=\/wp\/v2\/posts\/10558\/revisions"}],"wp:featuredmedia":[{"embeddable":true,"href":"https:\/\/agromt.news\/index.php?rest_route=\/wp\/v2\/media\/10559"}],"wp:attachment":[{"href":"https:\/\/agromt.news\/index.php?rest_route=%2Fwp%2Fv2%2Fmedia&parent=10558"}],"wp:term":[{"taxonomy":"category","embeddable":true,"href":"https:\/\/agromt.news\/index.php?rest_route=%2Fwp%2Fv2%2Fcategories&post=10558"},{"taxonomy":"post_tag","embeddable":true,"href":"https:\/\/agromt.news\/index.php?rest_route=%2Fwp%2Fv2%2Ftags&post=10558"}],"curies":[{"name":"wp","href":"https:\/\/api.w.org\/{rel}","templated":true}]}}