{"id":10553,"date":"2025-03-06T05:19:56","date_gmt":"2025-03-06T09:19:56","guid":{"rendered":"https:\/\/agromt.news\/?p=10553"},"modified":"2025-03-06T05:19:56","modified_gmt":"2025-03-06T09:19:56","slug":"temporais-em-dois-estados-abrem-espaco-no-tempo-seco-e-quente-do-restante-do-pais","status":"publish","type":"post","link":"https:\/\/agromt.news\/?p=10553","title":{"rendered":"Temporais em dois estados abrem espa\u00e7o no tempo seco e quente do restante do pa\u00eds"},"content":{"rendered":"<p> <br \/>\n<br \/><img decoding=\"async\" src=\"https:\/\/agromt.news\/wp-content\/uploads\/2024\/10\/umbrella-4425160_1280.jpg\" \/><\/p>\n<div>\n<p>Dia de tempo mais aberto, com chuva passageira em algumas \u00e1reas. Apenas em parte do Nordeste h\u00e1 alerta de temporais. Veja a previs\u00e3o para esta quinta-feira (6):<\/p>\n<h2 class=\"wp-block-heading\" id=\"h-sul\">Sul<\/h2>\n<p>O dia come\u00e7a com sol e pouca nebulosidade, mas, \u00e0 tarde, nuvens carregadas se formam sobre <strong><a href=\"https:\/\/www.canalrural.com.br\/nacional\/parana\/\">Paran\u00e1<\/a><\/strong>, Santa Catarina e as regi\u00f5es oeste e da Campanha Ga\u00facha, no <strong><a href=\"https:\/\/www.canalrural.com.br\/nacional\/rio-grande-do-sul\/\">Rio Grande do Sul<\/a><\/strong>, devido ao calor e \u00e0 alta umidade. A chuva chega no fim da tarde, podendo ser forte, mas sem previs\u00e3o de grandes volumes. Porto Alegre (RS) ter\u00e1 um dia ensolarado e sem chuva, enquanto Florian\u00f3polis (SC) e Curitiba (PR) podem registrar pancadas no fim da tarde.<\/p>\n<h2 class=\"wp-block-heading\" id=\"h-sudeste\">Sudeste<\/h2>\n<p>O tempo segue predominantemente seco e muito quente. As instabilidades ficam concentradas no litoral do Esp\u00edrito Santo, no norte do Rio de Janeiro e em algumas \u00e1reas do estado de S\u00e3o Paulo. J\u00e1 nas capitais Belo Horizonte (MG), S\u00e3o Paulo e Rio de Janeiro, o tempo ser\u00e1 est\u00e1vel e sem chuva.<\/p>\n<\/div>\n<div>\n<h2 class=\"wp-block-heading\" id=\"h-centro-oeste\">Centro-Oeste<\/h2>\n<p>A chuva se espalha ao longo do dia em <strong><a href=\"https:\/\/matogrosso.canalrural.com.br\/\">Mato Grosso<\/a><\/strong>, com alerta para <strong>temporais<\/strong> em Cuiab\u00e1. No centro-norte de Mato Grosso do Sul, as pancadas ocorrem no fim da tarde e podem ser intensas. J\u00e1 no sul e leste do estado, as precipita\u00e7\u00f5es ser\u00e3o mais passageiras. Em Goi\u00e1s e no Distrito Federal, o sol predomina e n\u00e3o h\u00e1 previs\u00e3o de chuva.<\/p>\n<h2 class=\"wp-block-heading\" id=\"h-nordeste\">Nordeste<\/h2>\n<p>A chuva diminui na costa leste, mas segue intensa entre o Maranh\u00e3o e Rio Grande do Norte, com S\u00e3o Lu\u00eds na rota de <strong>temporais<\/strong> e acumulados elevados. No sert\u00e3o nordestino, o tempo continua seco e ensolarado.<\/p>\n<h2 class=\"wp-block-heading\" id=\"h-norte\">Norte<\/h2>\n<p>Pancadas de chuva podem ocorrer a qualquer momento do dia, com os maiores acumulados previstos para Manaus (AM), Bel\u00e9m (PA) e Macap\u00e1 (AP). Em Boa Vista (RR), o tempo ser\u00e1 firme e seco.<\/p>\n<\/p><\/div>\n<p><br \/>\n<br \/><a href=\"https:\/\/www.canalrural.com.br\/tempo\/temporais-em-dois-estados-abrem-espaco-no-tempo-seco-e-quente-do-restante-do-pais\/\">Source link <\/a><\/p>\n","protected":false},"excerpt":{"rendered":"<p>Dia de tempo mais aberto, com chuva passageira em algumas \u00e1reas. Apenas em parte do Nordeste h\u00e1 alerta de temporais.<\/p>\n","protected":false},"author":1,"featured_media":3414,"comment_status":"open","ping_status":"open","sticky":false,"template":"","format":"standard","meta":{"_monsterinsights_skip_tracking":false,"_monsterinsights_sitenote_active":false,"_monsterinsights_sitenote_note":"","_monsterinsights_sitenote_category":0,"_uf_show_specific_survey":0,"_uf_disable_surveys":false,"footnotes":""},"categories":[1],"tags":[],"class_list":["post-10553","post","type-post","status-publish","format-standard","has-post-thumbnail","hentry","category-news"],"_links":{"self":[{"href":"https:\/\/agromt.news\/index.php?rest_route=\/wp\/v2\/posts\/10553"}],"collection":[{"href":"https:\/\/agromt.news\/index.php?rest_route=\/wp\/v2\/posts"}],"about":[{"href":"https:\/\/agromt.news\/index.php?rest_route=\/wp\/v2\/types\/post"}],"author":[{"embeddable":true,"href":"https:\/\/agromt.news\/index.php?rest_route=\/wp\/v2\/users\/1"}],"replies":[{"embeddable":true,"href":"https:\/\/agromt.news\/index.php?rest_route=%2Fwp%2Fv2%2Fcomments&post=10553"}],"version-history":[{"count":0,"href":"https:\/\/agromt.news\/index.php?rest_route=\/wp\/v2\/posts\/10553\/revisions"}],"wp:featuredmedia":[{"embeddable":true,"href":"https:\/\/agromt.news\/index.php?rest_route=\/wp\/v2\/media\/3414"}],"wp:attachment":[{"href":"https:\/\/agromt.news\/index.php?rest_route=%2Fwp%2Fv2%2Fmedia&parent=10553"}],"wp:term":[{"taxonomy":"category","embeddable":true,"href":"https:\/\/agromt.news\/index.php?rest_route=%2Fwp%2Fv2%2Fcategories&post=10553"},{"taxonomy":"post_tag","embeddable":true,"href":"https:\/\/agromt.news\/index.php?rest_route=%2Fwp%2Fv2%2Ftags&post=10553"}],"curies":[{"name":"wp","href":"https:\/\/api.w.org\/{rel}","templated":true}]}}