{"id":10551,"date":"2025-03-06T05:16:56","date_gmt":"2025-03-06T09:16:56","guid":{"rendered":"https:\/\/agromt.news\/?p=10551"},"modified":"2025-03-06T05:16:56","modified_gmt":"2025-03-06T09:16:56","slug":"calor-intenso-afeta-citricultura-e-provoca-queimaduras-em-frutos","status":"publish","type":"post","link":"https:\/\/agromt.news\/?p=10551","title":{"rendered":"Calor intenso afeta citricultura e provoca queimaduras em frutos"},"content":{"rendered":"<p> <br \/>\n<\/p>\n<div>\n<p style=\"text-align:justify\">A citricultura no Rio Grande do Sul tem sido impactada pelas condi\u00e7\u00f5es clim\u00e1ticas adversas, segundo o boletim conjuntural da Emater\/RS-Ascar, divulgado na quinta-feira (27). O calor intenso, a estiagem e a alta radia\u00e7\u00e3o solar provocaram queimaduras em frutos, afetando principalmente as variedades precoces de bergamota, como a Satsuma Okitsu.&#13;\n<\/p>\n<p style=\"text-align:justify\">O boletim aponta que na regi\u00e3o de Caxias do Sul, citricultores est\u00e3o realizando o raleio das bergamoteiras, com as frutas sendo comercializadas a R$ 15,00 por caixa de 25 kg. A colheita das variedades superprecoces teve in\u00edcio, com a Okitsu sendo vendida a R$ 6,00\/kg nas feiras, embora sem a colora\u00e7\u00e3o ideal. Al\u00e9m disso, seguem as pr\u00e1ticas de aduba\u00e7\u00e3o e controle fitossanit\u00e1rio, com destaque para o combate \u00e0 pinta-preta.<\/p>\n<p style=\"text-align:justify\">Em Lajeado, onde h\u00e1 558 hectares de bergamota e 398 hectares de laranja, a expectativa para a safra \u00e9 positiva. Apesar das chuvas no in\u00edcio do ano terem afetado o desenvolvimento das plantas em algumas propriedades, a produtividade dos pomares n\u00e3o foi comprometida. J\u00e1 em pomares rec\u00e9m-implantados, foi necess\u00e1rio um cuidado especial devido \u00e0 estiagem de janeiro.<\/p>\n<p style=\"text-align:justify\">Em Pareci Novo, onde os cultivos de bergamota ocupam 1.006 hectares, o raleio das variedades Ca\u00ed, Pareci e Montenegrina est\u00e1 em andamento. Os frutos retirados s\u00e3o vendidos para a ind\u00fastria a R$ 16,00 a R$ 20,00 a caixa de 20 kg, sendo utilizados para a extra\u00e7\u00e3o de \u00f3leos essenciais.&#13;\n<\/p>\n<p style=\"text-align:justify\">Na regi\u00e3o de Frederico Westphalen, a estiagem reduziu a produtividade em cerca de 30% e afetou a qualidade comercial dos frutos. Al\u00e9m disso, houve aumento da queda prematura dos frutos, agravando as perdas. Os citricultores intensificaram aduba\u00e7\u00f5es e tratamentos fitossanit\u00e1rios para o manejo de pragas como a mosca-branca. O tempo seco favoreceu a prolifera\u00e7\u00e3o do \u00e1caro-da-falsa-ferrugem e do \u00e1caro-da-leprose.<\/p>\n<p style=\"text-align:justify\">J\u00e1 na regi\u00e3o de Santa Rosa, o raleio da bergamota Montenegrina est\u00e1 praticamente encerrado, e produtores est\u00e3o instalando armadilhas para controle da mosca-das-frutas. O crescimento dos frutos de laranja e bergamota foi comprometido pela falta de umidade no solo, resultando em frutos menores. Nas brota\u00e7\u00f5es novas, h\u00e1 alta incid\u00eancia de larva-minadora e pulg\u00e3o, exigindo pulveriza\u00e7\u00f5es frequentes com inseticidas, bioinsumos e caldas.<\/p>\n<p style=\"text-align:justify\">Na regi\u00e3o de Erechim, o plantio de bergamota ultrapassou 600 hectares, impulsionado pelos bons pre\u00e7os e pela instala\u00e7\u00e3o de uma ind\u00fastria em Centen\u00e1rio. O crescimento da citricultura se destaca em munic\u00edpios como Mariano Moro (250 ha), Itatiba do Sul (150 ha) e Centen\u00e1rio (120 ha). As variedades mais plantadas s\u00e3o Val\u00eancia, Salustiana, Val\u00eancia Late, Folha Murcha e Iapar.&#13;\n<\/p>\n<\/p><\/div>\n<p><script data-cfasync=\"false\">\n    !function (f, b, e, v, n, t, s) {\n        if (f.fbq) return; n = f.fbq = function () {\n            n.callMethod ?\n                n.callMethod.apply(n, arguments) : n.queue.push(arguments)\n        };\n        if (!f._fbq) f._fbq = n; n.push = n; n.loaded = !0; n.version = '2.0';\n        n.queue = []; t = b.createElement(e); t.async = !0;\n        t.src = v; s = b.getElementsByTagName(e)[0];\n        s.parentNode.insertBefore(t, s)\n    }(window, document, 'script',\n        'https:\/\/connect.facebook.net\/en_US\/fbevents.js');\n    fbq('init', '522546078623747');\n    fbq('track', 'PageView');\n<\/script><br \/>\n<br \/><br \/>\n<br \/><a href=\"https:\/\/www.agrolink.com.br\/noticias\/calor-intenso-afeta-citricultura-e-provoca-queimaduras-em-frutos_499887.html\">Source link <\/a><\/p>\n","protected":false},"excerpt":{"rendered":"<p>A citricultura no Rio Grande do Sul tem sido impactada pelas condi\u00e7\u00f5es clim\u00e1ticas adversas, segundo o boletim conjuntural da Emater\/RS-Ascar,<\/p>\n","protected":false},"author":1,"featured_media":10552,"comment_status":"open","ping_status":"open","sticky":false,"template":"","format":"standard","meta":{"_monsterinsights_skip_tracking":false,"_monsterinsights_sitenote_active":false,"_monsterinsights_sitenote_note":"","_monsterinsights_sitenote_category":0,"_uf_show_specific_survey":0,"_uf_disable_surveys":false,"footnotes":""},"categories":[8,1,14],"tags":[],"class_list":["post-10551","post","type-post","status-publish","format-standard","has-post-thumbnail","hentry","category-agro","category-news","category-politica-agro"],"_links":{"self":[{"href":"https:\/\/agromt.news\/index.php?rest_route=\/wp\/v2\/posts\/10551"}],"collection":[{"href":"https:\/\/agromt.news\/index.php?rest_route=\/wp\/v2\/posts"}],"about":[{"href":"https:\/\/agromt.news\/index.php?rest_route=\/wp\/v2\/types\/post"}],"author":[{"embeddable":true,"href":"https:\/\/agromt.news\/index.php?rest_route=\/wp\/v2\/users\/1"}],"replies":[{"embeddable":true,"href":"https:\/\/agromt.news\/index.php?rest_route=%2Fwp%2Fv2%2Fcomments&post=10551"}],"version-history":[{"count":0,"href":"https:\/\/agromt.news\/index.php?rest_route=\/wp\/v2\/posts\/10551\/revisions"}],"wp:featuredmedia":[{"embeddable":true,"href":"https:\/\/agromt.news\/index.php?rest_route=\/wp\/v2\/media\/10552"}],"wp:attachment":[{"href":"https:\/\/agromt.news\/index.php?rest_route=%2Fwp%2Fv2%2Fmedia&parent=10551"}],"wp:term":[{"taxonomy":"category","embeddable":true,"href":"https:\/\/agromt.news\/index.php?rest_route=%2Fwp%2Fv2%2Fcategories&post=10551"},{"taxonomy":"post_tag","embeddable":true,"href":"https:\/\/agromt.news\/index.php?rest_route=%2Fwp%2Fv2%2Ftags&post=10551"}],"curies":[{"name":"wp","href":"https:\/\/api.w.org\/{rel}","templated":true}]}}