{"id":10545,"date":"2025-03-05T20:16:31","date_gmt":"2025-03-06T00:16:31","guid":{"rendered":"https:\/\/agromt.news\/?p=10545"},"modified":"2025-03-05T20:16:31","modified_gmt":"2025-03-06T00:16:31","slug":"frente-fria-deve-trazer-vendaval-e-queda-de-granizo-nos-proximos-dias-veja-onde","status":"publish","type":"post","link":"https:\/\/agromt.news\/?p=10545","title":{"rendered":"Frente fria deve trazer vendaval e queda de granizo nos pr\u00f3ximos dias; veja onde"},"content":{"rendered":"<p> <br \/>\n<br \/><img decoding=\"async\" src=\"https:\/\/agromt.news\/wp-content\/uploads\/2024\/10\/Previsao-aponta-temporais-e-ventos-de-70-kmh-no-Nordeste.jpg\" \/><\/p>\n<div>\n<p>A onda de calor que se abate sobre o Brasil continua, por\u00e9m, no Sul do pa\u00eds, h\u00e1 previs\u00e3o de chegada de uma frente fria no fim de semana. <\/p>\n<p>De acordo com o meteorologista do Canal Rural, Arthur M\u00fcller, h\u00e1 probabilidade de <strong>queda de granizo<\/strong> e <strong>vendaval<\/strong> sobre \u00e1reas da regi\u00e3o.<\/p>\n<p>Antes desse fen\u00f4meno, por\u00e9m, a presen\u00e7a de um cavado (regi\u00e3o alongada de relativa press\u00e3o atmosf\u00e9rica baixa) traz risco de trovoadas, com chances de tempestades, j\u00e1 para esta quinta e sexta (6 e 7), nas \u00e1reas ao oeste do <strong><a href=\"https:\/\/www.canalrural.com.br\/nacional\/rio-grande-do-sul\/\">Rio Grande do Sul<\/a><\/strong>, de Santa Catarina e <strong><a href=\"https:\/\/www.canalrural.com.br\/nacional\/parana\/\">Paran\u00e1<\/a><\/strong>.<\/p>\n<figure class=\"wp-block-embed is-type-video is-provider-youtube wp-block-embed-youtube wp-embed-aspect-16-9 wp-has-aspect-ratio\">\n<p>\n<iframe title=\"Frente fria deve chegar ao Sul do pa\u00eds neste fim de semana | Previs\u00e3o do tempo\" width=\"800\" height=\"450\" src=\"https:\/\/www.youtube.com\/embed\/e-fujFTalCs?feature=oembed\" frameborder=\"0\" allow=\"accelerometer; autoplay; clipboard-write; encrypted-media; gyroscope; picture-in-picture; web-share\" referrerpolicy=\"strict-origin-when-cross-origin\" allowfullscreen><\/iframe><noscript><iframe title=\"Frente fria deve chegar ao Sul do pa\u00eds neste fim de semana | Previs\u00e3o do tempo\" width=\"800\" height=\"450\" src=\"https:\/\/www.youtube.com\/embed\/e-fujFTalCs?feature=oembed\" frameborder=\"0\" allow=\"accelerometer; autoplay; clipboard-write; encrypted-media; gyroscope; picture-in-picture; web-share\" referrerpolicy=\"strict-origin-when-cross-origin\" allowfullscreen><\/iframe><\/noscript>\n<\/p>\n<\/figure>\n<p>\u201cPosteriomente, com a chegada da frente fria, entre s\u00e1bado e domingo, todo o Rio Grande do Sul e o sul de Santa Catarina t\u00eam risco de vendaval e queda de granizo, com chuva de pelo menos <strong>50 mm<\/strong> voltando para as \u00e1reas produtoras.\u201d<\/p>\n<\/div>\n<div>\n<p>No Paran\u00e1, por outro lado, as precipita\u00e7\u00f5es vir\u00e3o em forma de pancadas neste fim de semana. Por l\u00e1, os volumes ser\u00e3o significativos a partir do dia 10. Assim, de acordo com o meteorologista, de 11 a 15 de mar\u00e7o, o cen\u00e1rio se inverte: o tempo fica seco nos territ\u00f3rios ga\u00facho e catarinense, enquanto no paranaense chove. <\/p>\n<p>M\u00fcller destaca que a frente fria, por ora, alivia o calor\u00e3o apenas no Rio Grande do Sul, enquanto que em Santa Catarina e no Paran\u00e1, apenas no final de mar\u00e7o haver\u00e1 um \u201crefresco\u201d, com as m\u00ednimas entre 10\u00b0C e 15\u00b0C.<\/p>\n<\/p><\/div>\n<p><br \/>\n<br \/><a href=\"https:\/\/www.canalrural.com.br\/tempo\/frente-fria-deve-trazer-vendaval-e-queda-de-granizo-nos-proximos-dias-veja-onde\/\">Source link <\/a><\/p>\n","protected":false},"excerpt":{"rendered":"<p>A onda de calor que se abate sobre o Brasil continua, por\u00e9m, no Sul do pa\u00eds, h\u00e1 previs\u00e3o de chegada<\/p>\n","protected":false},"author":1,"featured_media":3164,"comment_status":"open","ping_status":"open","sticky":false,"template":"","format":"standard","meta":{"_monsterinsights_skip_tracking":false,"_monsterinsights_sitenote_active":false,"_monsterinsights_sitenote_note":"","_monsterinsights_sitenote_category":0,"_uf_show_specific_survey":0,"_uf_disable_surveys":false,"footnotes":""},"categories":[1],"tags":[],"class_list":["post-10545","post","type-post","status-publish","format-standard","has-post-thumbnail","hentry","category-news"],"_links":{"self":[{"href":"https:\/\/agromt.news\/index.php?rest_route=\/wp\/v2\/posts\/10545"}],"collection":[{"href":"https:\/\/agromt.news\/index.php?rest_route=\/wp\/v2\/posts"}],"about":[{"href":"https:\/\/agromt.news\/index.php?rest_route=\/wp\/v2\/types\/post"}],"author":[{"embeddable":true,"href":"https:\/\/agromt.news\/index.php?rest_route=\/wp\/v2\/users\/1"}],"replies":[{"embeddable":true,"href":"https:\/\/agromt.news\/index.php?rest_route=%2Fwp%2Fv2%2Fcomments&post=10545"}],"version-history":[{"count":0,"href":"https:\/\/agromt.news\/index.php?rest_route=\/wp\/v2\/posts\/10545\/revisions"}],"wp:featuredmedia":[{"embeddable":true,"href":"https:\/\/agromt.news\/index.php?rest_route=\/wp\/v2\/media\/3164"}],"wp:attachment":[{"href":"https:\/\/agromt.news\/index.php?rest_route=%2Fwp%2Fv2%2Fmedia&parent=10545"}],"wp:term":[{"taxonomy":"category","embeddable":true,"href":"https:\/\/agromt.news\/index.php?rest_route=%2Fwp%2Fv2%2Fcategories&post=10545"},{"taxonomy":"post_tag","embeddable":true,"href":"https:\/\/agromt.news\/index.php?rest_route=%2Fwp%2Fv2%2Ftags&post=10545"}],"curies":[{"name":"wp","href":"https:\/\/api.w.org\/{rel}","templated":true}]}}