{"id":10488,"date":"2025-03-04T18:46:11","date_gmt":"2025-03-04T22:46:11","guid":{"rendered":"https:\/\/agromt.news\/?p=10488"},"modified":"2025-03-04T18:46:11","modified_gmt":"2025-03-04T22:46:11","slug":"estiagem-e-calor-afetam-rendimento-da-soja","status":"publish","type":"post","link":"https:\/\/agromt.news\/?p=10488","title":{"rendered":"estiagem e calor afetam rendimento da soja"},"content":{"rendered":"<p> <br \/>\n<\/p>\n<div>\n<p style=\"text-align:justify\">De acordo com o boletim da Emater\/RS-Ascar divulgado nesta quinta-feira (27), as chuvas registradas nos dias 16 e 17 de fevereiro trouxeram al\u00edvio tempor\u00e1rio para as lavouras de <a href=\"https:\/\/www.agrolink.com.br\/culturas\/soja?utm_source=agrolink-detalhe-noticia&amp;utm_medium=detalhe-noticia&amp;utm_campaign=links-internos\" target=\"_blank\" rel=\"noopener\">soja<\/a> na regi\u00e3o da Fronteira Oeste do Rio Grande do Sul. No entanto, os preju\u00edzos causados pela seca e altas temperaturas j\u00e1 s\u00e3o irrevers\u00edveis em diversas localidades.&#13;\n<\/p>\n<p style=\"text-align:justify\">Na regi\u00e3o de Bag\u00e9, a umidade do solo foi restabelecida, beneficiando lavouras tardias, mas o impacto negativo da estiagem j\u00e1 est\u00e1 consolidado. Em Manoel Viana, \u00e1reas mais afetadas come\u00e7aram a ser colhidas, com perdas significativas devido ao calor excessivo e ao aumento de pragas como tripes, \u00e1caros e percevejos.<\/p>\n<p style=\"text-align:justify\">Em S\u00e3o Gabriel, Ros\u00e1rio do Sul e Santa Margarida do Sul, a tend\u00eancia \u00e9 de queda na produtividade. J\u00e1 na Campanha Ga\u00facha, algumas lavouras apresentaram recupera\u00e7\u00e3o parcial, mas muitas plantas perderam a folhagem. Em Dom Pedrito, cerca de 25% das lavouras est\u00e3o em \u00e1reas de v\u00e1rzea, onde a sanidade e o vigor das plantas ainda s\u00e3o considerados adequados.<\/p>\n<p style=\"text-align:justify\">Nas demais regi\u00f5es do estado, a situa\u00e7\u00e3o \u00e9 vari\u00e1vel. Em Caxias do Sul, as lavouras est\u00e3o em enchimento de gr\u00e3os, com perdas severas em alguns munic\u00edpios, especialmente Montauri. Em Erechim, a colheita j\u00e1 come\u00e7ou em algumas \u00e1reas, mas a produtividade ainda n\u00e3o foi definida devido \u00e0s oscila\u00e7\u00f5es clim\u00e1ticas.&#13;\n<\/p>\n<p style=\"text-align:justify\">Em Iju\u00ed, aproximadamente 70% das lavouras est\u00e3o na fase de enchimento de gr\u00e3os, enquanto 15% j\u00e1 atingiram a matura\u00e7\u00e3o. As cultivares precoces, semeadas em outubro, foram as mais impactadas pela estiagem. Em Passo Fundo, 85% das \u00e1reas est\u00e3o em forma\u00e7\u00e3o de vagens e enchimento de gr\u00e3os, e o desenvolvimento das plantas ainda depende da regularidade das chuvas.<\/p>\n<p style=\"text-align:justify\">Na regi\u00e3o de Santa Maria, a estiagem prejudica o Oeste, mas as chuvas na Quarta Col\u00f4nia foram mais regulares, permitindo melhores condi\u00e7\u00f5es para os cultivos. Em Santa Rosa, o retorno das precipita\u00e7\u00f5es ajudou na recupera\u00e7\u00e3o das lavouras, mas os efeitos da seca ainda resultam em falhas na germina\u00e7\u00e3o, porte reduzido das plantas e abortamento de flores e vagens.<\/p>\n<p style=\"text-align:justify\">J\u00e1 na regi\u00e3o de Soledade, a falta prolongada de chuvas reduziu o n\u00famero de vagens por planta e impactou a produtividade das lavouras j\u00e1 em fase de colheita.<\/p>\n<p style=\"text-align:justify\">Apesar das chuvas recentes, a falta de precipita\u00e7\u00f5es ao longo do ciclo da cultura consolidou perdas expressivas em grande parte do estado. Al\u00e9m disso, o avan\u00e7o de pragas e o custo elevado dos insumos agravam a situa\u00e7\u00e3o dos produtores. Com o fim da safra se aproximando, a preocupa\u00e7\u00e3o agora se volta para os impactos financeiros e a necessidade de pol\u00edticas de apoio ao setor agr\u00edcola.&#13;\n<\/p>\n<\/p><\/div>\n<p><script data-cfasync=\"false\">\n    !function (f, b, e, v, n, t, s) {\n        if (f.fbq) return; n = f.fbq = function () {\n            n.callMethod ?\n                n.callMethod.apply(n, arguments) : n.queue.push(arguments)\n        };\n        if (!f._fbq) f._fbq = n; n.push = n; n.loaded = !0; n.version = '2.0';\n        n.queue = []; t = b.createElement(e); t.async = !0;\n        t.src = v; s = b.getElementsByTagName(e)[0];\n        s.parentNode.insertBefore(t, s)\n    }(window, document, 'script',\n        'https:\/\/connect.facebook.net\/en_US\/fbevents.js');\n    fbq('init', '522546078623747');\n    fbq('track', 'PageView');\n<\/script><br \/>\n<br \/><br \/>\n<br \/><a href=\"https:\/\/www.agrolink.com.br\/noticias\/rs--estiagem-e-calor-afetam-rendimento-da-soja_499827.html\">Source link <\/a><\/p>\n","protected":false},"excerpt":{"rendered":"<p>De acordo com o boletim da Emater\/RS-Ascar divulgado nesta quinta-feira (27), as chuvas registradas nos dias 16 e 17 de<\/p>\n","protected":false},"author":1,"featured_media":10489,"comment_status":"open","ping_status":"open","sticky":false,"template":"","format":"standard","meta":{"_monsterinsights_skip_tracking":false,"_monsterinsights_sitenote_active":false,"_monsterinsights_sitenote_note":"","_monsterinsights_sitenote_category":0,"_uf_show_specific_survey":0,"_uf_disable_surveys":false,"footnotes":""},"categories":[8,1,14],"tags":[],"class_list":["post-10488","post","type-post","status-publish","format-standard","has-post-thumbnail","hentry","category-agro","category-news","category-politica-agro"],"_links":{"self":[{"href":"https:\/\/agromt.news\/index.php?rest_route=\/wp\/v2\/posts\/10488"}],"collection":[{"href":"https:\/\/agromt.news\/index.php?rest_route=\/wp\/v2\/posts"}],"about":[{"href":"https:\/\/agromt.news\/index.php?rest_route=\/wp\/v2\/types\/post"}],"author":[{"embeddable":true,"href":"https:\/\/agromt.news\/index.php?rest_route=\/wp\/v2\/users\/1"}],"replies":[{"embeddable":true,"href":"https:\/\/agromt.news\/index.php?rest_route=%2Fwp%2Fv2%2Fcomments&post=10488"}],"version-history":[{"count":0,"href":"https:\/\/agromt.news\/index.php?rest_route=\/wp\/v2\/posts\/10488\/revisions"}],"wp:featuredmedia":[{"embeddable":true,"href":"https:\/\/agromt.news\/index.php?rest_route=\/wp\/v2\/media\/10489"}],"wp:attachment":[{"href":"https:\/\/agromt.news\/index.php?rest_route=%2Fwp%2Fv2%2Fmedia&parent=10488"}],"wp:term":[{"taxonomy":"category","embeddable":true,"href":"https:\/\/agromt.news\/index.php?rest_route=%2Fwp%2Fv2%2Fcategories&post=10488"},{"taxonomy":"post_tag","embeddable":true,"href":"https:\/\/agromt.news\/index.php?rest_route=%2Fwp%2Fv2%2Ftags&post=10488"}],"curies":[{"name":"wp","href":"https:\/\/api.w.org\/{rel}","templated":true}]}}