{"id":10486,"date":"2025-03-04T17:42:36","date_gmt":"2025-03-04T21:42:36","guid":{"rendered":"https:\/\/agromt.news\/?p=10486"},"modified":"2025-03-04T17:42:36","modified_gmt":"2025-03-04T21:42:36","slug":"vli-inicia-embarques-para-exportacao-da-safra-2024-2025-de-soja","status":"publish","type":"post","link":"https:\/\/agromt.news\/?p=10486","title":{"rendered":"VLI inicia embarques para exporta\u00e7\u00e3o da safra 2024\/2025 de soja"},"content":{"rendered":"<p> <br \/>\n<\/p>\n<p>Perspectiva de produ\u00e7\u00e3o recorde no pa\u00eds movimenta corredores log\u00edsticos Norte, Leste e Sudeste<\/p>\n<div>\n<p>A VLI, companhia de solu\u00e7\u00f5es log\u00edsticas que integra ferrovias, portos e terminais, iniciou os embarques para a exporta\u00e7\u00e3o da safra 2024\/2025 de soja que, segundo estimativas da Companhia Nacional de Abastecimento (Conab), deve atingir recorde hist\u00f3rico, chegando a 166 milh\u00f5es de toneladas, 12,4% em rela\u00e7\u00e3o \u00e0 temporada anterior. A partir da segunda quinzena de fevereiro at\u00e9 o segundo semestre, volumes captados nos estados de Minas Gerais, Goi\u00e1s, Tocantins, Maranh\u00e3o, Mato Grosso, Bahia e Par\u00e1 ser\u00e3o escoados por meio dos corredores log\u00edsticos Leste e Sudeste (Ferrovia Centro Atl\u00e2ntica &#8211; FCA) e Norte (Ferrovia Norte Sul &#8211; FNS).<\/p>\n<p>Os embarques s\u00e3o realizados por meio do sistema multimodal da VLI, que integra, no Corredor Norte, os terminais log\u00edsticos de Porto Nacional e Palmeirante (TO) e de Porto Franco (MA) ao Terminal Portu\u00e1rio de S\u00e3o Lu\u00eds (TPSL); e os terminais de Araguari, Pirapora e Uberaba (MG), nos Corredores Leste e Sudeste, ao porto de Tubar\u00e3o (Esp\u00edrito Santo) e ao Terminal Integrador Portu\u00e1rio Lu\u00eds Ant\u00f4nio Mesquita &#8211; Tiplam (Baixada Santista) respectivamente.<\/p>\n<p>\u201cA safra da soja \u00e9 fundamental para o desenvolvimento econ\u00f4mico do pa\u00eds \u00e0 medida que comp\u00f5e uma cadeia produtiva complexa, que vai desde a produ\u00e7\u00e3o prim\u00e1ria at\u00e9 a transforma\u00e7\u00e3o industrial e a produ\u00e7\u00e3o de carnes. Neste sentido, a integra\u00e7\u00e3o entre portos, ferrovias e terminais traz efici\u00eancia e confiabilidade aos nossos clientes, permitindo que o gr\u00e3o seja exportado com sucesso para diferentes destinos do mundo, como \u00c1sia, Europa e Estados Unidos\u201d, afirma Gabriel Fonseca, gerente geral Comercial da VLI para a \u00e1rea de gr\u00e3os.<\/p>\n<p>Al\u00e9m do crescimento expressivo esperado nos volumes espec\u00edficos de soja, em 2024\/2025, o Brasil espera um recorde hist\u00f3rico tamb\u00e9m na safra de gr\u00e3os como um todo. De acordo com levantamento divulgado pela Companhia Nacional de Abastecimento (Conab) em fevereiro, o pa\u00eds deve colher 325,7 milh\u00f5es de toneladas destas commodities, o que representa crescimento de 9,4% em rela\u00e7\u00e3o \u00e0 temporada anterior. O resultado \u00e9 reflexo de um aumento de 2,1% na \u00e1rea cultivada, estimada em 81,6 milh\u00f5es de hectares, al\u00e9m da recupera\u00e7\u00e3o de 7,1% na produtividade m\u00e9dia das lavouras, prevista para 3.990 quilos por hectare.<\/p>\n<\/p><\/div>\n<p><script async defer src=\"https:\/\/connect.facebook.net\/en_US\/sdk.js\" type=\"43b97408646ce6e19925ed66-text\/javascript\"><\/script><script type=\"43b97408646ce6e19925ed66-text\/javascript\">\n  !function(f,b,e,v,n,t,s)\n  {if(f.fbq)return;n=f.fbq=function(){n.callMethod?\n    n.callMethod.apply(n,arguments):n.queue.push(arguments)};\n    if(!f._fbq)f._fbq=n;n.push=n;n.loaded=!0;n.version='2.0';\n    n.queue=[];t=b.createElement(e);t.async=!0;\n    t.src=v;s=b.getElementsByTagName(e)[0];\n    s.parentNode.insertBefore(t,s)}(window, document,'script',\n    'https:\/\/connect.facebook.net\/en_US\/fbevents.js');\n  fbq('init', '153495679422335');\n  fbq('track', 'PageView');\n<\/script><br \/>\n<br \/><br \/>\n<br \/><a href=\"https:\/\/www.noticiasagricolas.com.br\/noticias\/soja\/394574-vli-inicia-embarques-para-exportacao-da-safra-2024-2025-de-soja.html\">Source link <\/a><\/p>\n","protected":false},"excerpt":{"rendered":"<p>Perspectiva de produ\u00e7\u00e3o recorde no pa\u00eds movimenta corredores log\u00edsticos Norte, Leste e Sudeste A VLI, companhia de solu\u00e7\u00f5es log\u00edsticas que<\/p>\n","protected":false},"author":1,"featured_media":10487,"comment_status":"open","ping_status":"open","sticky":false,"template":"","format":"standard","meta":{"_monsterinsights_skip_tracking":false,"_monsterinsights_sitenote_active":false,"_monsterinsights_sitenote_note":"","_monsterinsights_sitenote_category":0,"_uf_show_specific_survey":0,"_uf_disable_surveys":false,"footnotes":""},"categories":[8,1,14,16],"tags":[],"class_list":["post-10486","post","type-post","status-publish","format-standard","has-post-thumbnail","hentry","category-agro","category-news","category-politica-agro","category-safra"],"_links":{"self":[{"href":"https:\/\/agromt.news\/index.php?rest_route=\/wp\/v2\/posts\/10486"}],"collection":[{"href":"https:\/\/agromt.news\/index.php?rest_route=\/wp\/v2\/posts"}],"about":[{"href":"https:\/\/agromt.news\/index.php?rest_route=\/wp\/v2\/types\/post"}],"author":[{"embeddable":true,"href":"https:\/\/agromt.news\/index.php?rest_route=\/wp\/v2\/users\/1"}],"replies":[{"embeddable":true,"href":"https:\/\/agromt.news\/index.php?rest_route=%2Fwp%2Fv2%2Fcomments&post=10486"}],"version-history":[{"count":0,"href":"https:\/\/agromt.news\/index.php?rest_route=\/wp\/v2\/posts\/10486\/revisions"}],"wp:featuredmedia":[{"embeddable":true,"href":"https:\/\/agromt.news\/index.php?rest_route=\/wp\/v2\/media\/10487"}],"wp:attachment":[{"href":"https:\/\/agromt.news\/index.php?rest_route=%2Fwp%2Fv2%2Fmedia&parent=10486"}],"wp:term":[{"taxonomy":"category","embeddable":true,"href":"https:\/\/agromt.news\/index.php?rest_route=%2Fwp%2Fv2%2Fcategories&post=10486"},{"taxonomy":"post_tag","embeddable":true,"href":"https:\/\/agromt.news\/index.php?rest_route=%2Fwp%2Fv2%2Ftags&post=10486"}],"curies":[{"name":"wp","href":"https:\/\/api.w.org\/{rel}","templated":true}]}}