{"id":10484,"date":"2025-03-04T16:58:18","date_gmt":"2025-03-04T20:58:18","guid":{"rendered":"https:\/\/agromt.news\/?p=10484"},"modified":"2025-03-04T16:58:18","modified_gmt":"2025-03-04T20:58:18","slug":"saiba-ate-quando-fenomeno-seguira-atuando-no-pais","status":"publish","type":"post","link":"https:\/\/agromt.news\/?p=10484","title":{"rendered":"saiba at\u00e9 quando fen\u00f4meno seguir\u00e1 atuando no pa\u00eds"},"content":{"rendered":"<p> <br \/>\n<br \/><img decoding=\"async\" src=\"https:\/\/agromt.news\/wp-content\/uploads\/2025\/03\/saiba-ate-quando-fenomeno-seguira-atuando-no-pais.png\" \/><\/p>\n<div>\n<p>A onda de calor nesta reta final do ver\u00e3o ser\u00e1 de predom\u00ednio do sol, pancadas de chuva e temperaturas elevadas pelo Brasil. Segundo a <strong><a href=\"https:\/\/www.canalrural.com.br\/tag\/climatempo\/\">Climatempo<\/a><\/strong>, o fen\u00f4meno clim\u00e1tico continua no Brasil at\u00e9 domingo (9). Al\u00e9m disso, o instituto fez um diagn\u00f3stico sobre a previs\u00e3o do tempo para amanh\u00e3 em cada regi\u00e3o do pa\u00eds, acompanhe os detalhes:<\/p>\n<h2 class=\"wp-block-heading\" id=\"h-sul-uma-das-regioes-mais-afetadas-pela-onda-de-calor\">Sul; uma das regi\u00f5es mais afetadas pela onda de calor <\/h2>\n<p>Grande parte do Rio Grande do Sul e Santa Catarina ter\u00e1 mais um dia de muito sol e pouca chuva. Em Porto Alegre, as m\u00e1ximas passam facilmente dos 36\u00b0C e n\u00e3o chove. Em Florian\u00f3polis, predom\u00ednio de sol e chuva r\u00e1pida \u00e0 tarde. No Vale do Itaja\u00ed e nas regi\u00f5es norte, central e leste paranaense, as pancadas ocorrem no fim da tarde devido ao calor e \u00e0 alta umidade. Em Curitiba, tempo abafado, com chuva passageira.<\/p>\n<h2 class=\"wp-block-heading\" id=\"h-calor-segue-firme-no-sudeste\">Calor segue firme no Sudeste<\/h2>\n<p>Os volumes de chuva diminuem no Esp\u00edrito Santo, mas ainda \u00e9 necess\u00e1rio aten\u00e7\u00e3o para todo o litoral. As pancadas s\u00e3o t\u00edpicas de ver\u00e3o e ocorrem devido aos ventos que sopram do oceano em dire\u00e7\u00e3o ao continente. Tamb\u00e9m h\u00e1 previs\u00e3o de chuva para as regi\u00f5es do Vale do Rio Doce, norte fluminense e interior do estado de S\u00e3o Paulo. S\u00e3o pancadas que podem vir com for\u00e7a \u00e0 tarde. Rio de Janeiro e Belo Horizonte seguem sem chuva.<\/p>\n<h2 class=\"wp-block-heading\" id=\"h-centro-oeste\">Centro-Oeste<\/h2>\n<p>Todo o estado de Mato Grosso, o norte de Mato Grosso do Sul e o interior de Goi\u00e1s podem registrar chuva nesta quarta-feira. Essas instabilidades continuam associadas \u00e0 circula\u00e7\u00e3o dos ventos e chove em v\u00e1rios momentos do dia, com alerta para temporais em Cuiab\u00e1. Em Campo Grande e na capital federal, o tempo ser\u00e1 mais ensolarado, com muito calor e pouca chuva prevista. Em Goi\u00e1s, pancadas podem ocorrer \u00e0 tarde.<\/p>\n<\/div>\n<div>\n<h2 class=\"wp-block-heading\" id=\"h-nordeste\">Nordeste<\/h2>\n<p>Os volumes de chuva continuam elevados entre o Maranh\u00e3o, o Cear\u00e1 e o litoral do Rio Grande do Norte devido \u00e0 aproxima\u00e7\u00e3o da Zona de Converg\u00eancia Intertropical. A chuva ocorre em v\u00e1rios momentos do dia e pode ser forte. H\u00e1 alerta para S\u00e3o Lu\u00eds, Teresina, Fortaleza e Natal. J\u00e1 entre Jo\u00e3o Pessoa e Salvador, os ventos que sopram do oceano mant\u00eam o tempo mais carregado, com o sol aparecendo entre muitas nuvens, calor e chuva passageira que pode ocorrer a qualquer momento do dia.<\/p>\n<h2 class=\"wp-block-heading\" id=\"h-norte\">Norte<\/h2>\n<p>As instabilidades continuam predominando sobre grande parte da Regi\u00e3o Norte nesta quarta-feira. Chove no Amazonas, Acre, Rond\u00f4nia, Par\u00e1 e Amap\u00e1 a qualquer momento do dia, com alerta para todas as capitais. Em Roraima, o tempo continua mais est\u00e1vel, sem chuva em Boa Vista.<\/p>\n<\/p><\/div>\n<p><br \/>\n<br \/><a href=\"https:\/\/www.canalrural.com.br\/tempo\/onda-de-calor-saiba-ate-quando-fenomeno-seguira-atuando-no-pais\/\">Source link <\/a><\/p>\n","protected":false},"excerpt":{"rendered":"<p>A onda de calor nesta reta final do ver\u00e3o ser\u00e1 de predom\u00ednio do sol, pancadas de chuva e temperaturas elevadas<\/p>\n","protected":false},"author":1,"featured_media":10485,"comment_status":"open","ping_status":"open","sticky":false,"template":"","format":"standard","meta":{"_monsterinsights_skip_tracking":false,"_monsterinsights_sitenote_active":false,"_monsterinsights_sitenote_note":"","_monsterinsights_sitenote_category":0,"_uf_show_specific_survey":0,"_uf_disable_surveys":false,"footnotes":""},"categories":[1],"tags":[],"class_list":["post-10484","post","type-post","status-publish","format-standard","has-post-thumbnail","hentry","category-news"],"_links":{"self":[{"href":"https:\/\/agromt.news\/index.php?rest_route=\/wp\/v2\/posts\/10484"}],"collection":[{"href":"https:\/\/agromt.news\/index.php?rest_route=\/wp\/v2\/posts"}],"about":[{"href":"https:\/\/agromt.news\/index.php?rest_route=\/wp\/v2\/types\/post"}],"author":[{"embeddable":true,"href":"https:\/\/agromt.news\/index.php?rest_route=\/wp\/v2\/users\/1"}],"replies":[{"embeddable":true,"href":"https:\/\/agromt.news\/index.php?rest_route=%2Fwp%2Fv2%2Fcomments&post=10484"}],"version-history":[{"count":0,"href":"https:\/\/agromt.news\/index.php?rest_route=\/wp\/v2\/posts\/10484\/revisions"}],"wp:featuredmedia":[{"embeddable":true,"href":"https:\/\/agromt.news\/index.php?rest_route=\/wp\/v2\/media\/10485"}],"wp:attachment":[{"href":"https:\/\/agromt.news\/index.php?rest_route=%2Fwp%2Fv2%2Fmedia&parent=10484"}],"wp:term":[{"taxonomy":"category","embeddable":true,"href":"https:\/\/agromt.news\/index.php?rest_route=%2Fwp%2Fv2%2Fcategories&post=10484"},{"taxonomy":"post_tag","embeddable":true,"href":"https:\/\/agromt.news\/index.php?rest_route=%2Fwp%2Fv2%2Ftags&post=10484"}],"curies":[{"name":"wp","href":"https:\/\/api.w.org\/{rel}","templated":true}]}}