{"id":1047,"date":"2024-09-02T21:41:34","date_gmt":"2024-09-03T01:41:34","guid":{"rendered":"https:\/\/agromt.news\/?p=1047"},"modified":"2024-09-02T21:41:34","modified_gmt":"2024-09-03T01:41:34","slug":"mandioca-registra-aumento-de-76-em-agosto","status":"publish","type":"post","link":"https:\/\/agromt.news\/?p=1047","title":{"rendered":"Mandioca registra aumento de 7,6% em agosto"},"content":{"rendered":"<p> <br \/>\n<\/p>\n<div>\n<div class=\"row\">\n<div class=\"col-lg col-infos mt-3 mt-lg-0\">\n<div class=\"section-sub-title\">\n<p itemprop=\"description\">\nDemanda das fecularias por ra\u00edzes continua elevada\n<\/p>\n<\/div>\n<div class=\"container\">\n<div class=\"row\">\n<div class=\"col-lg p-0\">\n<div>\n<div class=\"block-news-main-infos mt-3 text-start\">\n<strong class=\"fn\" itemprop=\"author\" style=\"color: rgb(112, 112, 112); \"><br \/>\n<a href=\"https:\/\/www.agrolink.com.br\/noticias\/javascript:;\" class=\"text-uppercase\" target=\"_blank\" style=\"color: rgb(112, 112, 112); \" rel=\"noopener\">Agrolink<\/a><br \/>\n&#8211; Aline Merladete<br \/>\n<\/strong><br \/>\n<br \/>\n<abbr><time datetime=\"2024-09-02T17:33\" itemprop=\"datePublished dateModified\">Publicado em 02\/09\/2024 \u00e0s 17:33h.<\/time><\/abbr>\n<\/div>\n<\/div>\n<\/div>\n<div class=\"col-lg p-0 text-lg-end\">\n<div>\n<div id=\"mdEnviarPagina\" class=\"modal fade\" role=\"dialog\">\n<div class=\"modal-dialog\">\n<div class=\"modal-content\">\n<div class=\"modal-body\">\n<p><strong>Estimado usu\u00e1rio.<\/strong><br \/>Preencha o formul\u00e1rio abaixo para remeter a p\u00e1gina.<\/p>\n<\/div>\n<\/div>\n<\/div>\n<\/div>\n<\/div>\n<\/div>\n<\/div>\n<\/div>\n<\/div>\n<\/div>\n<div class=\"row justify-content-md-center mt-3\">\n<div class=\"col-lg-auto col-image  block-news-main-image d-none d-md-block\">\n<img decoding=\"async\" src=\"https:\/\/www.agrolink.com.br\/upload\/imagens-resizes\/36d13b59eb2242ada753a610e3da2787_858x483.jpg\" class=\"lazyload\"\/><br \/>\n<span class=\"publicity-photo d-block mt-1\">Foto: Jos\u00e9 Luis da Silva Nunes<\/span>\n<\/div>\n<\/div>\n<div class=\"section-description section-description-noticias mt-3\">\n<p style=\"text-align:justify\">Em agosto, o pre\u00e7o da <a href=\"https:\/\/www.agrolink.com.br\/culturas\/mandioca\/?utm_source=agrolink-detalhe-noticia&amp;utm_medium=detalhe-noticia&amp;utm_campaign=links-internos\" target=\"_blank\" rel=\"noopener\">mandioca<\/a> apresentou uma expressiva valoriza\u00e7\u00e3o, com a m\u00e9dia nominal a prazo da tonelada posta fecularia alcan\u00e7ando R$ 515,16, o equivalente a R$ 0,8959 por grama. Segundo dados do Cepea (Centro de Estudos Avan\u00e7ados em Economia Aplicada), esse valor representa um aumento de 7,6% em rela\u00e7\u00e3o ao m\u00eas anterior, sendo o maior registrado desde janeiro deste ano.\n<\/p>\n<p style=\"text-align:justify\">O movimento de alta, que j\u00e1 dura tr\u00eas meses consecutivos, \u00e9 resultado da combina\u00e7\u00e3o entre uma oferta limitada e uma demanda aquecida. De acordo com os pesquisadores do Cepea, as chuvas que ocorreram no final de agosto n\u00e3o foram suficientes para permitir a retomada das atividades de campo na maioria das regi\u00f5es monitoradas. Al\u00e9m disso, muitos produtores permanecem retra\u00eddos, seja devido \u00e0 baixa rentabilidade das ra\u00edzes de 1\u00ba ciclo, seja pela expectativa de pre\u00e7os ainda mais altos nos pr\u00f3ximos per\u00edodos.\n<\/p>\n<p style=\"text-align:justify\">Paralelamente, a demanda das fecularias por ra\u00edzes continua elevada, o que tem intensificado a competi\u00e7\u00e3o pela mat\u00e9ria-prima.<\/p>\n<\/div>\n<\/div>\n<p><script data-cfasync=\"false\">\n    !function (f, b, e, v, n, t, s) {\n        if (f.fbq) return; n = f.fbq = function () {\n            n.callMethod ?\n                n.callMethod.apply(n, arguments) : n.queue.push(arguments)\n        };\n        if (!f._fbq) f._fbq = n; n.push = n; n.loaded = !0; n.version = '2.0';\n        n.queue = []; t = b.createElement(e); t.async = !0;\n        t.src = v; s = b.getElementsByTagName(e)[0];\n        s.parentNode.insertBefore(t, s)\n    }(window, document, 'script',\n        'https:\/\/connect.facebook.net\/en_US\/fbevents.js');\n    fbq('init', '522546078623747');\n    fbq('track', 'PageView');\n<\/script><br \/>\n<br \/><br \/>\n<br \/><a href=\"https:\/\/www.agrolink.com.br\/noticias\/mandioca-registra-aumento-de-7-6--em-agosto_494563.html\">Source link <\/a><\/p>\n","protected":false},"excerpt":{"rendered":"<p>Demanda das fecularias por ra\u00edzes continua elevada Agrolink &#8211; Aline Merladete Publicado em 02\/09\/2024 \u00e0s 17:33h. Estimado usu\u00e1rio.Preencha o formul\u00e1rio<\/p>\n","protected":false},"author":1,"featured_media":1048,"comment_status":"open","ping_status":"open","sticky":false,"template":"","format":"standard","meta":{"_monsterinsights_skip_tracking":false,"_monsterinsights_sitenote_active":false,"_monsterinsights_sitenote_note":"","_monsterinsights_sitenote_category":0,"_uf_show_specific_survey":0,"_uf_disable_surveys":false,"footnotes":""},"categories":[8,1,14],"tags":[],"class_list":["post-1047","post","type-post","status-publish","format-standard","has-post-thumbnail","hentry","category-agro","category-news","category-politica-agro"],"_links":{"self":[{"href":"https:\/\/agromt.news\/index.php?rest_route=\/wp\/v2\/posts\/1047"}],"collection":[{"href":"https:\/\/agromt.news\/index.php?rest_route=\/wp\/v2\/posts"}],"about":[{"href":"https:\/\/agromt.news\/index.php?rest_route=\/wp\/v2\/types\/post"}],"author":[{"embeddable":true,"href":"https:\/\/agromt.news\/index.php?rest_route=\/wp\/v2\/users\/1"}],"replies":[{"embeddable":true,"href":"https:\/\/agromt.news\/index.php?rest_route=%2Fwp%2Fv2%2Fcomments&post=1047"}],"version-history":[{"count":0,"href":"https:\/\/agromt.news\/index.php?rest_route=\/wp\/v2\/posts\/1047\/revisions"}],"wp:featuredmedia":[{"embeddable":true,"href":"https:\/\/agromt.news\/index.php?rest_route=\/wp\/v2\/media\/1048"}],"wp:attachment":[{"href":"https:\/\/agromt.news\/index.php?rest_route=%2Fwp%2Fv2%2Fmedia&parent=1047"}],"wp:term":[{"taxonomy":"category","embeddable":true,"href":"https:\/\/agromt.news\/index.php?rest_route=%2Fwp%2Fv2%2Fcategories&post=1047"},{"taxonomy":"post_tag","embeddable":true,"href":"https:\/\/agromt.news\/index.php?rest_route=%2Fwp%2Fv2%2Ftags&post=1047"}],"curies":[{"name":"wp","href":"https:\/\/api.w.org\/{rel}","templated":true}]}}