{"id":1045,"date":"2024-09-02T19:00:51","date_gmt":"2024-09-02T23:00:51","guid":{"rendered":"https:\/\/agromt.news\/?p=1045"},"modified":"2024-09-02T19:00:51","modified_gmt":"2024-09-02T23:00:51","slug":"calor-seca-e-neblina-marcam-a-terca-feira","status":"publish","type":"post","link":"https:\/\/agromt.news\/?p=1045","title":{"rendered":"calor, seca e neblina marcam a ter\u00e7a-feira"},"content":{"rendered":"<p> <br \/>\n<br \/><img decoding=\"async\" src=\"https:\/\/agromt.news\/wp-content\/uploads\/2024\/09\/calor-seca-e-neblina-marcam-a-terca-feira.jpeg\" \/><\/p>\n<div>\n<p>Saiba como o clima ir\u00e1 se comportar nesta ter\u00e7a-feira (2) em todas as regi\u00f5es do pa\u00eds:<\/p>\n<p><em>Confira na palma da m\u00e3o informa\u00e7\u00f5es quentes sobre agricultura, pecu\u00e1ria, economia e previs\u00e3o do tempo:<\/em><a href=\"https:\/\/www.whatsapp.com\/channel\/0029Va9VnZxGk1FplZjiW43k\"><em> <\/em><strong>siga o Canal Rural no WhatsApp<\/strong><\/a>!<\/p>\n<h2 class=\"wp-block-heading\" id=\"h-sul\"><strong>Sul<\/strong><\/h2>\n<p>O amanhecer desta ter\u00e7a-feira ser\u00e1 com neblina no <a href=\"https:\/\/www.canalrural.com.br\/tag\/rio-grande-do-sul\/\">Rio Grande do Sul<\/a> e no interior de Santa Catarina, mas logo se dissipa e d\u00e1 espa\u00e7o ao sol. O dia ser\u00e1 de tempo est\u00e1vel e sem nada de chuva na regi\u00e3o.<\/p>\n<\/div>\n<div>\n<h2 class=\"wp-block-heading\" id=\"h-sudeste\"><strong>Sudeste<\/strong><\/h2>\n<p>O amanhecer ter\u00e1 chance de nevoeiro no leste de S\u00e3o Paulo e na Zona da Mata mineira. O padr\u00e3o de tempo se mant\u00e9m em toda a regi\u00e3o ao longo do dia, com bastante sol, ar muito seco e n\u00edveis de umidade relativa do ar em alerta na maioria das \u00e1reas.<\/p>\n<h2 class=\"wp-block-heading\" id=\"h-centro-oeste\"><strong>Centro-Oeste<\/strong><\/h2>\n<p>O calor acima de 35 \u00baC ainda \u00e9 destaque na maior parte do Centro-Oeste. Ter\u00e7a-feira de muito sol e umidade do ar muito baixa. O risco de novos focos de inc\u00eandio, principalmente no Pantanal, aumenta.<\/p>\n<h2 class=\"wp-block-heading\" id=\"h-nordeste\"><strong>Nordeste<\/strong><\/h2>\n<p>Dia de sol com pancadas r\u00e1pidas e isoladas na costa leste do Nordeste. Chove fraco desde Salvador at\u00e9 Natal no Rio Grande do Norte. Nas demais \u00e1reas, h\u00e1 um pouco de vento, mas sem chuva. O tempo segue firme e seco no Piau\u00ed, Maranh\u00e3o e Cear\u00e1.<\/p>\n<h2 class=\"wp-block-heading\" id=\"h-norte\"><strong>Norte<\/strong><\/h2>\n<p>Pancadas mais irregulares na faixa norte da regi\u00e3o e ar seco com calor intenso entre o Acre, sul do Amazonas, Par\u00e1 e Tocantins, com umidade do ar em alerta.<\/p>\n<\/div>\n<p><br \/>\n<br \/><a href=\"https:\/\/www.canalrural.com.br\/tempo\/previsao-do-tempo-calor-seca-e-neblina-marcam-a-terca-feira-no-brasil\/\">Source link <\/a><\/p>\n","protected":false},"excerpt":{"rendered":"<p>Saiba como o clima ir\u00e1 se comportar nesta ter\u00e7a-feira (2) em todas as regi\u00f5es do pa\u00eds: Confira na palma da<\/p>\n","protected":false},"author":1,"featured_media":1046,"comment_status":"open","ping_status":"open","sticky":false,"template":"","format":"standard","meta":{"_monsterinsights_skip_tracking":false,"_monsterinsights_sitenote_active":false,"_monsterinsights_sitenote_note":"","_monsterinsights_sitenote_category":0,"_uf_show_specific_survey":0,"_uf_disable_surveys":false,"footnotes":""},"categories":[1],"tags":[],"class_list":["post-1045","post","type-post","status-publish","format-standard","has-post-thumbnail","hentry","category-news"],"_links":{"self":[{"href":"https:\/\/agromt.news\/index.php?rest_route=\/wp\/v2\/posts\/1045"}],"collection":[{"href":"https:\/\/agromt.news\/index.php?rest_route=\/wp\/v2\/posts"}],"about":[{"href":"https:\/\/agromt.news\/index.php?rest_route=\/wp\/v2\/types\/post"}],"author":[{"embeddable":true,"href":"https:\/\/agromt.news\/index.php?rest_route=\/wp\/v2\/users\/1"}],"replies":[{"embeddable":true,"href":"https:\/\/agromt.news\/index.php?rest_route=%2Fwp%2Fv2%2Fcomments&post=1045"}],"version-history":[{"count":0,"href":"https:\/\/agromt.news\/index.php?rest_route=\/wp\/v2\/posts\/1045\/revisions"}],"wp:featuredmedia":[{"embeddable":true,"href":"https:\/\/agromt.news\/index.php?rest_route=\/wp\/v2\/media\/1046"}],"wp:attachment":[{"href":"https:\/\/agromt.news\/index.php?rest_route=%2Fwp%2Fv2%2Fmedia&parent=1045"}],"wp:term":[{"taxonomy":"category","embeddable":true,"href":"https:\/\/agromt.news\/index.php?rest_route=%2Fwp%2Fv2%2Fcategories&post=1045"},{"taxonomy":"post_tag","embeddable":true,"href":"https:\/\/agromt.news\/index.php?rest_route=%2Fwp%2Fv2%2Ftags&post=1045"}],"curies":[{"name":"wp","href":"https:\/\/api.w.org\/{rel}","templated":true}]}}