{"id":10439,"date":"2025-03-03T11:17:31","date_gmt":"2025-03-03T15:17:31","guid":{"rendered":"https:\/\/agromt.news\/?p=10439"},"modified":"2025-03-03T11:17:31","modified_gmt":"2025-03-03T15:17:31","slug":"como-fica-o-tempo-no-inicio-de-marco-confira-a-previsao-completa","status":"publish","type":"post","link":"https:\/\/agromt.news\/?p=10439","title":{"rendered":"Como fica o tempo no in\u00edcio de mar\u00e7o? Confira a previs\u00e3o completa!"},"content":{"rendered":"<p> <br \/>\n<br \/><img decoding=\"async\" src=\"https:\/\/agromt.news\/wp-content\/uploads\/2025\/03\/Como-fica-o-tempo-no-inicio-de-marco-Confira-a.jpg\" \/><\/p>\n<div>\n<p>A previs\u00e3o do tempo para a <a href=\"https:\/\/www.canalrural.com.br\/agricultura\/projeto-soja-brasil\/\">primeira semana de mar\u00e7o<\/a> indica condi\u00e7\u00f5es clim\u00e1ticas favor\u00e1veis para os trabalhos com a soja em grande parte do pa\u00eds. No Centro-Sul, as chuvas devem atingir aproximadamente 50 mm em um per\u00edodo de cinco dias, sem comprometer as opera\u00e7\u00f5es agr\u00edcolas. Al\u00e9m disso, a umidade ser\u00e1 ben\u00e9fica para o milho da segunda safra, que foi recentemente semeado em S\u00e3o Paulo e Minas Gerais.<\/p>\n<ul class=\"wp-block-list\">\n<li><strong><em>Fique por dentro das novidades e not\u00edcias recentes sobre a soja! Participe da nossa comunidade atrav\u00e9s do\u00a0<a href=\"https:\/\/chat.whatsapp.com\/BmMRwA0TZ2DHGyhzoaVEWu\">link<\/a>! \ud83c\udf31<\/em><\/strong><\/li>\n<\/ul>\n<p>Nestes estados, o tempo permanecer\u00e1 mais quente e seco, com a onda de calor prevista para se dissipar apenas no final da semana. J\u00e1 no Oeste de Mato Grosso, as chuvas podem causar transtornos, pois o acumulado deve ultrapassar os 80 mm no mesmo per\u00edodo.<\/p>\n<\/div>\n<div>\n<h2 class=\"wp-block-heading\" id=\"h-o-tempo-nas-lavouras-de-soja\">O tempo nas lavouras de soja<\/h2>\n<p>No Sudeste, est\u00e1 previsto o avan\u00e7o das chuvas sobre S\u00e3o Paulo e Minas Gerais, por\u00e9m em forma de pancadas isoladas durante a tarde, sem impacto nas atividades agr\u00edcolas. No Sul, a aus\u00eancia de chuvas volumosas preocupa os produtores, especialmente aqueles com lavouras de soja em fase de enchimento de gr\u00e3os. A previs\u00e3o indica que volumes expressivos de chuva s\u00f3 devem retornar na virada da quinzena.<\/p>\n<p>No Nordeste, incluindo a regi\u00e3o do Matopiba, as chuvas persistem no Tocantins e Maranh\u00e3o, com acumulados superiores a 100 mm em cinco dias. Na Bahia, os volumes n\u00e3o devem ultrapassar 50 mm, concentrando-se na faixa leste do estado, com pouca ocorr\u00eancia de precipita\u00e7\u00f5es no interior da regi\u00e3o.<\/p>\n<p>Por fim, na Regi\u00e3o Norte, os maiores volumes de chuva devem ocorrer no Par\u00e1, onde praticamente todo o estado poder\u00e1 registrar acumulados acima de 150 mm em cinco dias.<\/p>\n<\/p><\/div>\n<p><br \/>\n<br \/><a href=\"https:\/\/www.canalrural.com.br\/agricultura\/projeto-soja-brasil\/como-fica-o-tempo-no-inicio-de-marco-confira-a-previsao-completa\/\">Source link <\/a><\/p>\n","protected":false},"excerpt":{"rendered":"<p>A previs\u00e3o do tempo para a primeira semana de mar\u00e7o indica condi\u00e7\u00f5es clim\u00e1ticas favor\u00e1veis para os trabalhos com a soja<\/p>\n","protected":false},"author":1,"featured_media":10440,"comment_status":"open","ping_status":"open","sticky":false,"template":"","format":"standard","meta":{"_monsterinsights_skip_tracking":false,"_monsterinsights_sitenote_active":false,"_monsterinsights_sitenote_note":"","_monsterinsights_sitenote_category":0,"_uf_show_specific_survey":0,"_uf_disable_surveys":false,"footnotes":""},"categories":[1],"tags":[],"class_list":["post-10439","post","type-post","status-publish","format-standard","has-post-thumbnail","hentry","category-news"],"_links":{"self":[{"href":"https:\/\/agromt.news\/index.php?rest_route=\/wp\/v2\/posts\/10439"}],"collection":[{"href":"https:\/\/agromt.news\/index.php?rest_route=\/wp\/v2\/posts"}],"about":[{"href":"https:\/\/agromt.news\/index.php?rest_route=\/wp\/v2\/types\/post"}],"author":[{"embeddable":true,"href":"https:\/\/agromt.news\/index.php?rest_route=\/wp\/v2\/users\/1"}],"replies":[{"embeddable":true,"href":"https:\/\/agromt.news\/index.php?rest_route=%2Fwp%2Fv2%2Fcomments&post=10439"}],"version-history":[{"count":0,"href":"https:\/\/agromt.news\/index.php?rest_route=\/wp\/v2\/posts\/10439\/revisions"}],"wp:featuredmedia":[{"embeddable":true,"href":"https:\/\/agromt.news\/index.php?rest_route=\/wp\/v2\/media\/10440"}],"wp:attachment":[{"href":"https:\/\/agromt.news\/index.php?rest_route=%2Fwp%2Fv2%2Fmedia&parent=10439"}],"wp:term":[{"taxonomy":"category","embeddable":true,"href":"https:\/\/agromt.news\/index.php?rest_route=%2Fwp%2Fv2%2Fcategories&post=10439"},{"taxonomy":"post_tag","embeddable":true,"href":"https:\/\/agromt.news\/index.php?rest_route=%2Fwp%2Fv2%2Ftags&post=10439"}],"curies":[{"name":"wp","href":"https:\/\/api.w.org\/{rel}","templated":true}]}}