{"id":10436,"date":"2025-03-03T11:03:21","date_gmt":"2025-03-03T15:03:21","guid":{"rendered":"https:\/\/agromt.news\/?p=10436"},"modified":"2025-03-03T11:03:21","modified_gmt":"2025-03-03T15:03:21","slug":"carlos-favaro-entrega-maquinas-e-equipamentos-em-sao-jose-do-povo-mt","status":"publish","type":"post","link":"https:\/\/agromt.news\/?p=10436","title":{"rendered":"Carlos F\u00e1varo entrega m\u00e1quinas e equipamentos em S\u00e3o Jos\u00e9 do Povo (MT)"},"content":{"rendered":"<p> <br \/>\n<br \/><img decoding=\"async\" src=\"https:\/\/agromt.news\/wp-content\/uploads\/2025\/03\/Carlos-Favaro-entrega-maquinas-e-equipamentos-em-Sao-Jose-do.jpeg\" \/><\/p>\n<div>\n<p>Na \u00faltima sexta-feira (28), o Ministro da Agricultura e Pecu\u00e1ria, <a href=\"https:\/\/www.canalrural.com.br\/?s=Carlos+F%C3%A1varo\">Carlos F\u00e1varo<\/a>, realizou a entrega de diferentes m\u00e1quinas e <a href=\"https:\/\/www.canalrural.com.br\/agricultura\/projeto-leva-capacitacao-maquinas-e-equipamentos-para-comunidades-rurais\/\">equipamentos <\/a>para as fam\u00edlias assentadas de S\u00e3o Jos\u00e9 do Povo, regi\u00e3o Sul de Mato Grosso. <\/p>\n<p>Segundo informa\u00e7\u00f5es fornecidas pelo Minist\u00e9rio da Agricultura e Pecu\u00e1ria (<a href=\"https:\/\/www.gov.br\/agricultura\/pt-br\">Mapa<\/a>), a a\u00e7\u00e3o foi realizada no \u00e2mbito do Programa Estrat\u00e9gico de Fortalecimento Estrutural de Assentamentos Rurais e Sustentabilidade da Agricultura Familiar, desenvolvido pelo Minist\u00e9rio da Agricultura e Pecu\u00e1ria (Mapa) e a Universidade Federal de Mato Grosso (UFMT). O programa visa fortalecer a atividade agropecu\u00e1ria nas comunidades rurais.<\/p>\n<p>Durante o evento, o ministro destacou o compromisso do presidente Lula com o desenvolvimento regional e o combate \u00e0 fome, mencionando que o programa \u00e9 um importante passo para reduzir desigualdades. \u201cMato Grosso \u00e9 um dos expoentes da agropecu\u00e1ria mundial, mas os pequenos produtores ainda necessitam de apoio para impulsionar a produ\u00e7\u00e3o\u201d, afirmou F\u00e1varo.<\/p>\n<\/div>\n<div>\n<p>S\u00e3o cinco os assentamentos beneficiados com a entrega das patrulhas, caminh\u00f5es e outros equipamentos, totalizando um investimento superior a R$ 4,3 milh\u00f5es. Os assentamentos que receberam o apoio incluem Sandrini, Jo\u00e3o Pessoa, M\u00e1rcio Pereira, Padre Josimo e Salete Strozake.<\/p>\n<p>J\u00fanior da Sa\u00fade, prefeito de S\u00e3o Jos\u00e9 do Povo, ressaltou a relev\u00e2ncia da a\u00e7\u00e3o para a melhoria das condi\u00e7\u00f5es dos pequenos produtores do munic\u00edpio. O presidente da C\u00e2mara Municipal, vereador Nilsinho, tamb\u00e9m destacou a import\u00e2ncia do programa para a regi\u00e3o, mencionando que cerca de 700 pequenos produtores atuam em S\u00e3o Jos\u00e9 do Povo.<\/p>\n<p>A cerim\u00f4nia aconteceu no P.A. M\u00e1rcio Pereira, onde 90 fam\u00edlias assentadas, focadas na pecu\u00e1ria, foram beneficiadas. Toarpa Garcia Rocha, presidente da Associa\u00e7\u00e3o dos Pequenos Produtores Rurais do Assentamento M\u00e1rcio Pereira (Aspram), explicou que o novo maquin\u00e1rio contribuir\u00e1 para o aumento da competitividade dos produtores locais, resultando em mais alimentos para a comunidade.<\/p>\n<\/p><\/div>\n<p><br \/>\n<br \/><a href=\"https:\/\/www.canalrural.com.br\/agricultura\/agronegocio\/carlos-favaro-entrega-maquinas-e-equipamentos-em-sao-jose-do-povo-mt\/\">Source link <\/a><\/p>\n","protected":false},"excerpt":{"rendered":"<p>Na \u00faltima sexta-feira (28), o Ministro da Agricultura e Pecu\u00e1ria, Carlos F\u00e1varo, realizou a entrega de diferentes m\u00e1quinas e equipamentos<\/p>\n","protected":false},"author":1,"featured_media":10437,"comment_status":"open","ping_status":"open","sticky":false,"template":"","format":"standard","meta":{"_monsterinsights_skip_tracking":false,"_monsterinsights_sitenote_active":false,"_monsterinsights_sitenote_note":"","_monsterinsights_sitenote_category":0,"_uf_show_specific_survey":0,"_uf_disable_surveys":false,"footnotes":""},"categories":[1],"tags":[],"class_list":["post-10436","post","type-post","status-publish","format-standard","has-post-thumbnail","hentry","category-news"],"_links":{"self":[{"href":"https:\/\/agromt.news\/index.php?rest_route=\/wp\/v2\/posts\/10436"}],"collection":[{"href":"https:\/\/agromt.news\/index.php?rest_route=\/wp\/v2\/posts"}],"about":[{"href":"https:\/\/agromt.news\/index.php?rest_route=\/wp\/v2\/types\/post"}],"author":[{"embeddable":true,"href":"https:\/\/agromt.news\/index.php?rest_route=\/wp\/v2\/users\/1"}],"replies":[{"embeddable":true,"href":"https:\/\/agromt.news\/index.php?rest_route=%2Fwp%2Fv2%2Fcomments&post=10436"}],"version-history":[{"count":0,"href":"https:\/\/agromt.news\/index.php?rest_route=\/wp\/v2\/posts\/10436\/revisions"}],"wp:featuredmedia":[{"embeddable":true,"href":"https:\/\/agromt.news\/index.php?rest_route=\/wp\/v2\/media\/10437"}],"wp:attachment":[{"href":"https:\/\/agromt.news\/index.php?rest_route=%2Fwp%2Fv2%2Fmedia&parent=10436"}],"wp:term":[{"taxonomy":"category","embeddable":true,"href":"https:\/\/agromt.news\/index.php?rest_route=%2Fwp%2Fv2%2Fcategories&post=10436"},{"taxonomy":"post_tag","embeddable":true,"href":"https:\/\/agromt.news\/index.php?rest_route=%2Fwp%2Fv2%2Ftags&post=10436"}],"curies":[{"name":"wp","href":"https:\/\/api.w.org\/{rel}","templated":true}]}}