{"id":10421,"date":"2025-03-03T09:09:23","date_gmt":"2025-03-03T13:09:23","guid":{"rendered":"https:\/\/agromt.news\/?p=10421"},"modified":"2025-03-03T09:09:23","modified_gmt":"2025-03-03T13:09:23","slug":"brasil-abre-as-portas-para-o-limao-portugues","status":"publish","type":"post","link":"https:\/\/agromt.news\/?p=10421","title":{"rendered":"Brasil \u201cabre as portas\u201d para o lim\u00e3o portugu\u00eas"},"content":{"rendered":"<p> <br \/>\n<\/p>\n<div>\n<div class=\"row\">\n<div class=\"col-lg col-infos mt-3 mt-lg-0\">\n<div class=\"section-sub-title\">\n<p itemprop=\"description\">&#13;<br \/>\n                                Para o Brasil, a importa\u00e7\u00e3o pode impactar o mercado interno de c\u00edtricos&#13;\n                            <\/p>\n<\/p><\/div>\n<div class=\"container\">\n<div class=\"row\">\n<div class=\"col-lg p-0\">\n<div>\n<div class=\"block-news-main-infos mt-3 text-start\">\n<p>                                            <strong class=\"fn\" itemprop=\"author\" style=\"color: rgb(112, 112, 112); \">&#13;<br \/>\n                                                <a href=\"https:\/\/www.agrolink.com.br\/noticias\/javascript:;\" class=\"text-uppercase\" target=\"_blank\" style=\"color: rgb(112, 112, 112); \" rel=\"noopener\">Agrolink<\/a>&#13;<br \/>\n&#13;<br \/>\n                                                    &#8211; Leonardo Gottems&#13;<br \/>\n&#13;<br \/>\n                                            <\/strong><br \/>\n                                        <\/p>\n<p>                                            <abbr><time datetime=\"2025-03-03T07:27\" itemprop=\"datePublished dateModified\">Publicado em 03\/03\/2025 \u00e0s 07:27h.<\/time><\/abbr><br \/>\n                                            <\/p><\/div>\n<\/p><\/div>\n<\/p><\/div>\n<div class=\"col-lg p-0 text-lg-end\">\n<div>\n<div id=\"mdEnviarPagina\" class=\"modal fade\" role=\"dialog\">\n<div class=\"modal-dialog\">\n<div class=\"modal-content\">\n<div class=\"modal-body\">\n<p><strong>Estimado usu\u00e1rio.<\/strong><br \/>Preencha o formul\u00e1rio abaixo para remeter a p\u00e1gina.<\/p>\n<\/p><\/div>\n<\/p><\/div>\n<\/p><\/div>\n<\/div><\/div>\n<\/p><\/div>\n<\/p><\/div>\n<\/p><\/div>\n<\/p><\/div>\n<\/p><\/div>\n<div class=\"row justify-content-md-center mt-3\">\n<div class=\"col-lg-auto col-image block-news-main-image\">\n<p>                                <img decoding=\"async\" src=\"https:\/\/www.agrolink.com.br\/upload\/imagens-resizes\/5c9491ba1ed14b52b6a52e00d11c1cae_858x483.jpg\" class=\"lazyload img-fluid\" alt=\"A regulamenta\u00e7\u00e3o viabiliza a entrada do lim\u00e3o portugu\u00eas no mercado brasileiro\"\/><br \/>\n                                                <span class=\"d-block mt-1\">A regulamenta\u00e7\u00e3o viabiliza a entrada do lim\u00e3o portugu\u00eas no mercado brasileiro &#8211; Foto: Pixabay<\/span><\/p><\/div>\n<\/p><\/div>\n<div class=\"section-description section-description-noticias mt-3\">\n<p>O Minist\u00e9rio da Agricultura e Pecu\u00e1ria (MAPA) do Brasil publicou a Portaria SDA\/MAPA N\u00ba 1.246, de 20 de fevereiro de 2025, estabelecendo os requisitos fitossanit\u00e1rios para a importa\u00e7\u00e3o de frutos frescos de lim\u00e3o de Portugal. A decis\u00e3o marca o fim de um longo impasse e representa um avan\u00e7o nas rela\u00e7\u00f5es comerciais entre os dois pa\u00edses, consolidado durante a XIV Cimeira Luso-Brasileira.&#13;\n<\/p>\n<p>A regulamenta\u00e7\u00e3o viabiliza a entrada do lim\u00e3o portugu\u00eas no mercado brasileiro, um setor altamente competitivo e com forte demanda por frutas c\u00edtricas. A medida \u00e9 fruto de negocia\u00e7\u00f5es entre a Secretaria de Defesa Agropecu\u00e1ria do Brasil e a Dire\u00e7\u00e3o-Geral de Alimenta\u00e7\u00e3o e Veterin\u00e1ria (DGAV) de Portugal, al\u00e9m do envolvimento da diplomacia portuguesa. O ministro da Agricultura e Pecu\u00e1ria do Brasil destacou que a decis\u00e3o reflete o compromisso com a amplia\u00e7\u00e3o do com\u00e9rcio internacional, garantindo padr\u00f5es sanit\u00e1rios rigorosos.&#13;\n<\/p>\n<p>Para o Brasil, a importa\u00e7\u00e3o pode impactar o mercado interno de c\u00edtricos, especialmente a cadeia produtiva do lim\u00e3o Tahiti, amplamente cultivado no pa\u00eds. Produtores brasileiros devem acompanhar de perto os efeitos dessa abertura comercial, avaliando poss\u00edveis impactos sobre pre\u00e7os e concorr\u00eancia. J\u00e1 para Portugal, a nova regulamenta\u00e7\u00e3o representa uma oportunidade estrat\u00e9gica de expans\u00e3o, atendendo a uma demanda crescente por frutas de alta qualidade no Brasil. O setor agr\u00edcola brasileiro se mant\u00e9m atento \u00e0 implementa\u00e7\u00e3o das exig\u00eancias fitossanit\u00e1rias estabelecidas, garantindo que a importa\u00e7\u00e3o ocorra sem comprometer a sanidade vegetal local.<br \/>&#13;<br \/>\n\u00a0&#13;\n<\/p>\n<\/p><\/div>\n<\/p><\/div>\n<p><script data-cfasync=\"false\">\n    !function (f, b, e, v, n, t, s) {\n        if (f.fbq) return; n = f.fbq = function () {\n            n.callMethod ?\n                n.callMethod.apply(n, arguments) : n.queue.push(arguments)\n        };\n        if (!f._fbq) f._fbq = n; n.push = n; n.loaded = !0; n.version = '2.0';\n        n.queue = []; t = b.createElement(e); t.async = !0;\n        t.src = v; s = b.getElementsByTagName(e)[0];\n        s.parentNode.insertBefore(t, s)\n    }(window, document, 'script',\n        'https:\/\/connect.facebook.net\/en_US\/fbevents.js');\n    fbq('init', '522546078623747');\n    fbq('track', 'PageView');\n<\/script><br \/>\n<br \/><br \/>\n<br \/><a href=\"https:\/\/www.agrolink.com.br\/noticias\/brasil--abre-as-portas--para-o-limao-portugues_499807.html\">Source link <\/a><\/p>\n","protected":false},"excerpt":{"rendered":"<p>&#13; Para o Brasil, a importa\u00e7\u00e3o pode impactar o mercado interno de c\u00edtricos&#13; &#13; Agrolink&#13; &#13; &#8211; Leonardo Gottems&#13; &#13;<\/p>\n","protected":false},"author":1,"featured_media":10422,"comment_status":"open","ping_status":"open","sticky":false,"template":"","format":"standard","meta":{"_monsterinsights_skip_tracking":false,"_monsterinsights_sitenote_active":false,"_monsterinsights_sitenote_note":"","_monsterinsights_sitenote_category":0,"_uf_show_specific_survey":0,"_uf_disable_surveys":false,"footnotes":""},"categories":[8,1,14],"tags":[],"class_list":["post-10421","post","type-post","status-publish","format-standard","has-post-thumbnail","hentry","category-agro","category-news","category-politica-agro"],"_links":{"self":[{"href":"https:\/\/agromt.news\/index.php?rest_route=\/wp\/v2\/posts\/10421"}],"collection":[{"href":"https:\/\/agromt.news\/index.php?rest_route=\/wp\/v2\/posts"}],"about":[{"href":"https:\/\/agromt.news\/index.php?rest_route=\/wp\/v2\/types\/post"}],"author":[{"embeddable":true,"href":"https:\/\/agromt.news\/index.php?rest_route=\/wp\/v2\/users\/1"}],"replies":[{"embeddable":true,"href":"https:\/\/agromt.news\/index.php?rest_route=%2Fwp%2Fv2%2Fcomments&post=10421"}],"version-history":[{"count":0,"href":"https:\/\/agromt.news\/index.php?rest_route=\/wp\/v2\/posts\/10421\/revisions"}],"wp:featuredmedia":[{"embeddable":true,"href":"https:\/\/agromt.news\/index.php?rest_route=\/wp\/v2\/media\/10422"}],"wp:attachment":[{"href":"https:\/\/agromt.news\/index.php?rest_route=%2Fwp%2Fv2%2Fmedia&parent=10421"}],"wp:term":[{"taxonomy":"category","embeddable":true,"href":"https:\/\/agromt.news\/index.php?rest_route=%2Fwp%2Fv2%2Fcategories&post=10421"},{"taxonomy":"post_tag","embeddable":true,"href":"https:\/\/agromt.news\/index.php?rest_route=%2Fwp%2Fv2%2Ftags&post=10421"}],"curies":[{"name":"wp","href":"https:\/\/api.w.org\/{rel}","templated":true}]}}