{"id":1042,"date":"2024-09-02T16:38:28","date_gmt":"2024-09-02T20:38:28","guid":{"rendered":"https:\/\/agromt.news\/?p=1042"},"modified":"2024-09-02T16:38:28","modified_gmt":"2024-09-02T20:38:28","slug":"risco-de-incendio-fecha-80-unidades-de-conservacao-em-sao-paulo","status":"publish","type":"post","link":"https:\/\/agromt.news\/?p=1042","title":{"rendered":"Risco de inc\u00eandio fecha 80 Unidades de Conserva\u00e7\u00e3o em S\u00e3o Paulo"},"content":{"rendered":"<p> <br \/>\n<br \/><img decoding=\"async\" src=\"https:\/\/agromt.news\/wp-content\/uploads\/2024\/08\/Rondonia-declara-situacao-de-emergencia-por-incendios-florestais.jpg\" \/><\/p>\n<div>\n<p>O fechamento emergencial de 80 Unidades de Conserva\u00e7\u00e3o da regi\u00e3o metropolitana e do interior de S\u00e3o Paulo foi anunciada pela Funda\u00e7\u00e3o Florestal, \u00f3rg\u00e3o vinculado \u00e0 Secretaria de Meio Ambiente, Infraestrutura e Log\u00edstica do estado lo <strong><a href=\"https:\/\/semil.sp.gov.br\/\">(Semil)<\/a><\/strong>. A medida foi tomada por conta do atual risco de <strong><a href=\"https:\/\/www.canalrural.com.br\/nacional\/queimadas-persistem-na-amazonia-cidades-do-pa-superam-mil-focos\/\">inc\u00eandios florestais<\/a><\/strong> e vale at\u00e9 o dia 12 de setembro, podendo ser alterada, caso as condi\u00e7\u00f5es mudem.<\/p>\n<p>No per\u00edodo, as equipes da funda\u00e7\u00e3o ter\u00e3o como prioridade a\u00e7\u00f5es de preven\u00e7\u00e3o e combate a inc\u00eandios e monitoramento territorial, informa a secretaria.<\/p>\n<\/div>\n<div>\n<p>Outra responsabilidade atribu\u00edda aos funcion\u00e1rios \u00e9 prestar apoio \u00e0s comunidades vizinhas, caso seja necess\u00e1rio.<\/p>\n<p>\u201cTamb\u00e9m estamos incrementando nossos contratos, especialmente o de bombeiros civis, al\u00e9m de direcionar equipes do litoral e do Vale do Ribeira para somar esfor\u00e7os durante esse per\u00edodo mais cr\u00edtico\u201d, disse o diretor executivo da funda\u00e7\u00e3o, Rodrigo Levkovicz.<\/p>\n<p>Entre os fatores que contribuem para as ocorr\u00eancias de inc\u00eandios figura a baixa umidade relativa do ar. Na \u00faltima semana, o governo decretou situa\u00e7\u00e3o de emerg\u00eancia \u2013 por 180 dias \u2013 nas \u00e1reas de 45 munic\u00edpios paulistas que registraram queimadas entre os dias 4 e 24 de agosto.<\/p>\n<\/div>\n<p><br \/>\n<br \/><a href=\"https:\/\/www.canalrural.com.br\/sustentabilidade\/risco-de-incendio-fecha-80-unidades-de-conservacao-em-sao-paulo\/\">Source link <\/a><\/p>\n","protected":false},"excerpt":{"rendered":"<p>O fechamento emergencial de 80 Unidades de Conserva\u00e7\u00e3o da regi\u00e3o metropolitana e do interior de S\u00e3o Paulo foi anunciada pela<\/p>\n","protected":false},"author":1,"featured_media":860,"comment_status":"open","ping_status":"open","sticky":false,"template":"","format":"standard","meta":{"_monsterinsights_skip_tracking":false,"_monsterinsights_sitenote_active":false,"_monsterinsights_sitenote_note":"","_monsterinsights_sitenote_category":0,"_uf_show_specific_survey":0,"_uf_disable_surveys":false,"footnotes":""},"categories":[1],"tags":[],"class_list":["post-1042","post","type-post","status-publish","format-standard","has-post-thumbnail","hentry","category-news"],"_links":{"self":[{"href":"https:\/\/agromt.news\/index.php?rest_route=\/wp\/v2\/posts\/1042"}],"collection":[{"href":"https:\/\/agromt.news\/index.php?rest_route=\/wp\/v2\/posts"}],"about":[{"href":"https:\/\/agromt.news\/index.php?rest_route=\/wp\/v2\/types\/post"}],"author":[{"embeddable":true,"href":"https:\/\/agromt.news\/index.php?rest_route=\/wp\/v2\/users\/1"}],"replies":[{"embeddable":true,"href":"https:\/\/agromt.news\/index.php?rest_route=%2Fwp%2Fv2%2Fcomments&post=1042"}],"version-history":[{"count":0,"href":"https:\/\/agromt.news\/index.php?rest_route=\/wp\/v2\/posts\/1042\/revisions"}],"wp:featuredmedia":[{"embeddable":true,"href":"https:\/\/agromt.news\/index.php?rest_route=\/wp\/v2\/media\/860"}],"wp:attachment":[{"href":"https:\/\/agromt.news\/index.php?rest_route=%2Fwp%2Fv2%2Fmedia&parent=1042"}],"wp:term":[{"taxonomy":"category","embeddable":true,"href":"https:\/\/agromt.news\/index.php?rest_route=%2Fwp%2Fv2%2Fcategories&post=1042"},{"taxonomy":"post_tag","embeddable":true,"href":"https:\/\/agromt.news\/index.php?rest_route=%2Fwp%2Fv2%2Ftags&post=1042"}],"curies":[{"name":"wp","href":"https:\/\/api.w.org\/{rel}","templated":true}]}}