{"id":1040,"date":"2024-09-02T15:59:18","date_gmt":"2024-09-02T19:59:18","guid":{"rendered":"https:\/\/agromt.news\/?p=1040"},"modified":"2024-09-02T15:59:18","modified_gmt":"2024-09-02T19:59:18","slug":"queimadas-persistem-na-amazonia-cidades-do-pa-superam-mil-focos","status":"publish","type":"post","link":"https:\/\/agromt.news\/?p=1040","title":{"rendered":"Queimadas persistem na Amaz\u00f4nia; cidades do PA superam mil focos"},"content":{"rendered":"<p> <br \/>\n<br \/><img decoding=\"async\" src=\"https:\/\/agromt.news\/wp-content\/uploads\/2024\/09\/Queimadas-persistem-na-Amazonia-cidades-do-PA-superam-mil-focos.jpg\" \/><\/p>\n<div>\n<p>Levantamento do Instituto Nacional de Pesquisas Espaciais (Inpe) aponta\u00a0a persist\u00eancia das queimadas em diversos biomas do pa\u00eds, a partir de dados coletados entre\u00a025 e\u00a031 de agosto.<\/p>\n<p>Na Amaz\u00f4nia, a situa\u00e7\u00e3o \u00e9 considerada\u00a0grave em 37 munic\u00edpios, que tiveram mais de 100 focos em uma semana. A cidade de S\u00e3o F\u00e9lix do Xingu (PA) registrou\u00a01.443 focos. Em Altamira (PA), foram identificados 1.102 focos. As cidades lideram os focos de <strong><a href=\"https:\/\/www.canalrural.com.br\/tag\/incendio\/\">inc\u00eandio<\/a><\/strong> ativos no pa\u00eds.<\/p>\n<p><em>Confira na palma da m\u00e3o informa\u00e7\u00f5es quentes sobre agricultura, pecu\u00e1ria, economia e previs\u00e3o do tempo:<\/em><a href=\"https:\/\/www.whatsapp.com\/channel\/0029Va9VnZxGk1FplZjiW43k\"><em> <\/em><strong>siga o Canal Rural no WhatsApp<\/strong><\/a>!<\/p>\n<\/div>\n<div>\n<p>O governo do Par\u00e1 decretou, na \u00faltima ter\u00e7a-feira (27),\u00a0estado de emerg\u00eancia\u00a0em fun\u00e7\u00e3o dos focos de queimadas no estado. Com a medida, fica proibido o uso de fogo para limpeza e manejo de \u00e1reas em todo o territ\u00f3rio estadual.<\/p>\n<h2 class=\"wp-block-heading\" id=\"h-queimadas-no-pantanal\">Queimadas no Pantanal\u00a0<\/h2>\n<p>O Corpo de Bombeiros Militar de <strong><a href=\"https:\/\/matogrosso.canalrural.com.br\/\">Mato Grosso<\/a><\/strong> informou que o\u00a0s\u00e1bado foi marcado pelo combate a\u00a036 queimadas. Um\u00a0inc\u00eandio em Sinop, no Parque Florestal, foi extinto na manh\u00e3 deste s\u00e1bado\u00a0ap\u00f3s dois dias.<\/p>\n<p>As demais queimadas ocorreram nas seguintes localidades:\u00a0Mirantes Morro dos Ventos, Atm\u00e3, Penhasco e Geod\u00e9sico, no Morro do Chap\u00e9u e na regi\u00e3o do Bananal, no Manso, em Chapada dos Guimar\u00e3es; na \u00c1rea de Prote\u00e7\u00e3o Ambiental Municipal Aric\u00e1-a\u00e7u e Distrito da Guia, em Cuiab\u00e1. As chamas foram controladas por 31 bombeiros, com apoio de avi\u00e3o.\u00a0<\/p>\n<p>No Pantanal, s\u00e3o 56 bombeiros distribu\u00eddos pela\u00a0Reserva Particular do Patrim\u00f4nio Natural (RPPN) Sesc Pantanal, em Bar\u00e3o de Melga\u00e7o; entre\u00a0C\u00e1ceres e a Bol\u00edvia; e na regi\u00e3o da Fazenda Cambarazinho, em Pocon\u00e9. Nesses locais, os militares contam com dois avi\u00f5es, 16 viaturas, 11 m\u00e1quinas, quatro barcos e um caminh\u00e3o-pipa, al\u00e9m do\u00a0apoio de outros \u00f3rg\u00e3os e das For\u00e7as Armadas.<\/p>\n<p>S\u00e3o\u00a0monitorados tamb\u00e9m inc\u00eandios florestais na Terra Ind\u00edgena Capoto Jarin\u00e3, em Peixoto de Azevedo; e na Aldeia Utiariti, em Campo Novo do Parecis. Os bombeiros precisam de\u00a0autoriza\u00e7\u00e3o da Funai para ingressar nessas \u00e1reas.<\/p>\n<h2 class=\"wp-block-heading\" id=\"h-cerrado\">Cerrado<\/h2>\n<p>Os dados mostram que ao menos nove\u00a0munic\u00edpios localizados no\u00a0Cerrado registraram\u00a0mais de 100 focos de calor no per\u00edodo analisado.\u00a0A cidade de Lagoa da Confus\u00e3o, em\u00a0Tocantins, por exemplo, chegou a ter 282 registros, 163 a mais na compara\u00e7\u00e3o com a\u00a0semana anterior.\u00a0<\/p>\n<h2 class=\"wp-block-heading\" id=\"h-sao-paulo\">S\u00e3o Paulo<\/h2>\n<p>Os registros de inc\u00eandios\u00a0se estendem ao norte de <strong><a href=\"https:\/\/www.canalrural.com.br\/tag\/sao-paulo\/\">S\u00e3o Paulo<\/a><\/strong> e ao oeste de Minas Gerais, com menor intensidade. Em S\u00e3o Paulo, a Defesa Civil relatou sete\u00a0focos nesse s\u00e1bado (31), sendo um deles em Pedregulho, que ainda permanecia ativo at\u00e9 o\u00a0come\u00e7o da tarde deste domingo (1\u00ba).<\/p>\n<p>Na regi\u00e3o metropolitana de S\u00e3o Paulo, em Osasco, foi registrada a ocorr\u00eancia de inc\u00eandio em uma comunidade, que atingiu ao menos 20 barracos. N\u00e3o h\u00e1 registro de v\u00edtimas.<\/p>\n<\/div>\n<p><br \/>\n<br \/><a href=\"https:\/\/www.canalrural.com.br\/nacional\/queimadas-persistem-na-amazonia-cidades-do-pa-superam-mil-focos\/\">Source link <\/a><\/p>\n","protected":false},"excerpt":{"rendered":"<p>Levantamento do Instituto Nacional de Pesquisas Espaciais (Inpe) aponta\u00a0a persist\u00eancia das queimadas em diversos biomas do pa\u00eds, a partir de<\/p>\n","protected":false},"author":1,"featured_media":1041,"comment_status":"open","ping_status":"open","sticky":false,"template":"","format":"standard","meta":{"_monsterinsights_skip_tracking":false,"_monsterinsights_sitenote_active":false,"_monsterinsights_sitenote_note":"","_monsterinsights_sitenote_category":0,"_uf_show_specific_survey":0,"_uf_disable_surveys":false,"footnotes":""},"categories":[1],"tags":[],"class_list":["post-1040","post","type-post","status-publish","format-standard","has-post-thumbnail","hentry","category-news"],"_links":{"self":[{"href":"https:\/\/agromt.news\/index.php?rest_route=\/wp\/v2\/posts\/1040"}],"collection":[{"href":"https:\/\/agromt.news\/index.php?rest_route=\/wp\/v2\/posts"}],"about":[{"href":"https:\/\/agromt.news\/index.php?rest_route=\/wp\/v2\/types\/post"}],"author":[{"embeddable":true,"href":"https:\/\/agromt.news\/index.php?rest_route=\/wp\/v2\/users\/1"}],"replies":[{"embeddable":true,"href":"https:\/\/agromt.news\/index.php?rest_route=%2Fwp%2Fv2%2Fcomments&post=1040"}],"version-history":[{"count":0,"href":"https:\/\/agromt.news\/index.php?rest_route=\/wp\/v2\/posts\/1040\/revisions"}],"wp:featuredmedia":[{"embeddable":true,"href":"https:\/\/agromt.news\/index.php?rest_route=\/wp\/v2\/media\/1041"}],"wp:attachment":[{"href":"https:\/\/agromt.news\/index.php?rest_route=%2Fwp%2Fv2%2Fmedia&parent=1040"}],"wp:term":[{"taxonomy":"category","embeddable":true,"href":"https:\/\/agromt.news\/index.php?rest_route=%2Fwp%2Fv2%2Fcategories&post=1040"},{"taxonomy":"post_tag","embeddable":true,"href":"https:\/\/agromt.news\/index.php?rest_route=%2Fwp%2Fv2%2Ftags&post=1040"}],"curies":[{"name":"wp","href":"https:\/\/api.w.org\/{rel}","templated":true}]}}