{"id":10392,"date":"2025-03-03T01:31:38","date_gmt":"2025-03-03T05:31:38","guid":{"rendered":"https:\/\/agromt.news\/?p=10392"},"modified":"2025-03-03T01:31:38","modified_gmt":"2025-03-03T05:31:38","slug":"precos-no-mercado-de-suinos-sobem-de-forma-generalizada-nesta-segunda-feira-17","status":"publish","type":"post","link":"https:\/\/agromt.news\/?p=10392","title":{"rendered":"Pre\u00e7os no mercado de su\u00ednos sobem de forma generalizada nesta segunda-feira (17)"},"content":{"rendered":"<p> <br \/>\n<\/p>\n<div>\n<div class=\"materia\">\n<p><img decoding=\"async\" alt=\"Logotipo Not&#xED;cias Agr&#xED;colas\" height=\"21\" src=\"https:\/\/cdn.noticiasagricolas.com.br\/dbimagens\/e12363a00741f9cc7caf23469101a4aa.png\" width=\"106\"\/><\/p>\n<p>Altas generalizadas foram observadas no encerramento desta segunda-feira (17) para as cota\u00e7\u00f5es no mercado de su\u00ednos. De acordo com an\u00e1lise divulgada pelo Cepea, as cota\u00e7\u00f5es do su\u00edno vivo e da carne est\u00e3o em tend\u00eancia de alta em fevereiro em todas as pra\u00e7as acompanhadas pelo Cepea. Segundo pesquisadores do Cepea, o impulso vem das aquecidas demandas interna e internacional.\u00a0<\/p>\n<p>Segundo dados da Scot Consultoria, o valor da arroba do su\u00edno CIF em S\u00e3o Paulo teve aumento de 2,96%, com pre\u00e7o m\u00e9dio de R$ 174,00, enquanto a carca\u00e7a especial subiu 0,71%, fechando em R$ 14,10\/kg, em m\u00e9dia.<\/p>\n<p>Conforme informa\u00e7\u00f5es do Cepea\/Esalq sobre o Indicador do Su\u00edno Vivo, referentes \u00e0 sexta-feira (14), houve alta de 1,45% em Minas Gerais, chegando a R$ 9,10\/kg, eleva\u00e7\u00e3o de 0,35% no Paran\u00e1, com valor de R$ 8,49\/kg, incremento de 2,32% no Rio Grande do Sul, chegando a R$ 8,38\/kg, avan\u00e7o de 2,42% em Santa Catarina, custando R$ 8,47\/kg, e de 1,53% em S\u00e3o Paulo, fechando em R$ 8,63\/kg.<\/p>\n<\/p><\/div>\n<div class=\"grupo-whatsapp\">\n      J\u00e1 segue nosso Canal oficial no WhatsApp? <a href=\"https:\/\/bit.ly\/Canal_NA\" target=\"_blank\" rel=\"noopener\"><strong>Clique Aqui<\/strong><\/a> para receber em primeira m\u00e3o as principais not\u00edcias do agroneg\u00f3cio\n    <\/div>\n<div class=\"fonte\">\n<p>Fonte:<\/p>\n<p>                  <span>Not\u00edcias Agr\u00edcolas<\/span>\n              <\/div>\n<\/p><\/div>\n<p><script async defer src=\"https:\/\/connect.facebook.net\/en_US\/sdk.js\" type=\"024be97cf208ca5d2d9ed898-text\/javascript\"><\/script><script type=\"024be97cf208ca5d2d9ed898-text\/javascript\">\n  !function(f,b,e,v,n,t,s)\n  {if(f.fbq)return;n=f.fbq=function(){n.callMethod?\n    n.callMethod.apply(n,arguments):n.queue.push(arguments)};\n    if(!f._fbq)f._fbq=n;n.push=n;n.loaded=!0;n.version='2.0';\n    n.queue=[];t=b.createElement(e);t.async=!0;\n    t.src=v;s=b.getElementsByTagName(e)[0];\n    s.parentNode.insertBefore(t,s)}(window, document,'script',\n    'https:\/\/connect.facebook.net\/en_US\/fbevents.js');\n  fbq('init', '153495679422335');\n  fbq('track', 'PageView');\n<\/script><br \/>\n<br \/><br \/>\n<br \/><a href=\"https:\/\/www.noticiasagricolas.com.br\/noticias\/granjeiros\/394576-precos-no-mercado-de-suinos-sobem-de-forma-generalizada-nesta-segunda-feira-17.html\">Source link <\/a><\/p>\n","protected":false},"excerpt":{"rendered":"<p>Altas generalizadas foram observadas no encerramento desta segunda-feira (17) para as cota\u00e7\u00f5es no mercado de su\u00ednos. De acordo com an\u00e1lise<\/p>\n","protected":false},"author":1,"featured_media":10393,"comment_status":"open","ping_status":"open","sticky":false,"template":"","format":"standard","meta":{"_monsterinsights_skip_tracking":false,"_monsterinsights_sitenote_active":false,"_monsterinsights_sitenote_note":"","_monsterinsights_sitenote_category":0,"_uf_show_specific_survey":0,"_uf_disable_surveys":false,"footnotes":""},"categories":[8,1,14,16],"tags":[],"class_list":["post-10392","post","type-post","status-publish","format-standard","has-post-thumbnail","hentry","category-agro","category-news","category-politica-agro","category-safra"],"_links":{"self":[{"href":"https:\/\/agromt.news\/index.php?rest_route=\/wp\/v2\/posts\/10392"}],"collection":[{"href":"https:\/\/agromt.news\/index.php?rest_route=\/wp\/v2\/posts"}],"about":[{"href":"https:\/\/agromt.news\/index.php?rest_route=\/wp\/v2\/types\/post"}],"author":[{"embeddable":true,"href":"https:\/\/agromt.news\/index.php?rest_route=\/wp\/v2\/users\/1"}],"replies":[{"embeddable":true,"href":"https:\/\/agromt.news\/index.php?rest_route=%2Fwp%2Fv2%2Fcomments&post=10392"}],"version-history":[{"count":0,"href":"https:\/\/agromt.news\/index.php?rest_route=\/wp\/v2\/posts\/10392\/revisions"}],"wp:featuredmedia":[{"embeddable":true,"href":"https:\/\/agromt.news\/index.php?rest_route=\/wp\/v2\/media\/10393"}],"wp:attachment":[{"href":"https:\/\/agromt.news\/index.php?rest_route=%2Fwp%2Fv2%2Fmedia&parent=10392"}],"wp:term":[{"taxonomy":"category","embeddable":true,"href":"https:\/\/agromt.news\/index.php?rest_route=%2Fwp%2Fv2%2Fcategories&post=10392"},{"taxonomy":"post_tag","embeddable":true,"href":"https:\/\/agromt.news\/index.php?rest_route=%2Fwp%2Fv2%2Ftags&post=10392"}],"curies":[{"name":"wp","href":"https:\/\/api.w.org\/{rel}","templated":true}]}}