{"id":10389,"date":"2025-03-02T19:23:06","date_gmt":"2025-03-02T23:23:06","guid":{"rendered":"https:\/\/agromt.news\/?p=10389"},"modified":"2025-03-02T19:23:06","modified_gmt":"2025-03-02T23:23:06","slug":"lula-planeja-visita-a-assentamento-do-mst-em-busca-de-reaproximacao-com-base-mais-fiel","status":"publish","type":"post","link":"https:\/\/agromt.news\/?p=10389","title":{"rendered":"Lula planeja visita a assentamento do MST em busca de reaproxima\u00e7\u00e3o com base mais fiel"},"content":{"rendered":"<p> <br \/>\n<br \/><img decoding=\"async\" src=\"https:\/\/agromt.news\/wp-content\/uploads\/2025\/03\/Lula-planeja-visita-a-assentamento-do-MST-em-busca-de.webp.webp\" \/><\/p>\n<div>\n<p>Integrantes do Movimento dos Trabalhadores sem Terra (MST) disseram que o presidente Luiz In\u00e1cio Lula da Silva visitar\u00e1, na pr\u00f3xima sexta-feira (7), um assentamento do grupo pela primeira vez no mandato atual. <\/p>\n<p>O local escolhido foi o Quilombo Campo Grande, em Campo do Meio, Minas Gerais. O compromisso ainda n\u00e3o est\u00e1 na agenda do chefe do Executivo. Contudo, o petista visa se reaproximar do movimento, historicamente a sua base de apoio mais fiel, diante da queda de popularidade e da <strong><a href=\"https:\/\/www.canalrural.com.br\/politica\/membros-do-mst-chamam-ritmo-da-reforma-agraria-do-governo-de-ridiculo\/\">press\u00e3o pelo aceleramento da reforma agr\u00e1ria<\/a><\/strong>. <\/p>\n<p>Em entrevista ao jornal O Globo, a deputada Marina do MST (PT-RJ) disse que a ida do presidente servir\u00e1 para que os l\u00edderes cobrem, novamente, mais agilidade no processo de cria\u00e7\u00e3o dos assentamentos. \u201cO governo precisa sair da in\u00e9rcia e destravar as pol\u00edticas p\u00fablicas voltadas para o fortalecimento da agricultura familiar e da reforma agr\u00e1ria. Esta \u00e9 a solu\u00e7\u00e3o, inclusive, para a alta do pre\u00e7o dos alimentos\u201d, disse.<\/p>\n<\/div>\n<div>\n<p>Vale lembrar que em janeiro, Lula recebeu integrantes do movimento no Pal\u00e1cio do Planalto, encontro que ocorreu seis dias ap\u00f3s o grupo divulgar carta que tinha o objetivo de pressionar o presidente a assentar 100 mil fam\u00edlias.<\/p>\n<h2 class=\"wp-block-heading\" id=\"h-criticas-ao-congresso\">Cr\u00edticas ao Congresso<\/h2>\n<p>No documento de janeiro, o MST criticou a atua\u00e7\u00e3o do governo petista e contestou os c\u00e1lculos de assentamentos divulgados pelo Minist\u00e9rio do Desenvolvimento Agr\u00e1rio (MDA). Al\u00e9m disso, o grupo teceu coment\u00e1rios negativos ao Congresso Nacional, classificando o trabalho dos parlamentares como \u201catua\u00e7\u00e3o perversa\u201d em defesa do agroneg\u00f3cio. <\/p>\n<p>Em dezembro do ano passado, ministro Paulo Teixeira, do MDA, afirmou que o governo Lula assentou 71,4 mil fam\u00edlias ao longo de 2024. O governo se comprometeu com a meta de incorporar 295 mil novas fam\u00edlias ao Programa Nacional de Reforma Agr\u00e1ria at\u00e9 o fim de 2026. Contudo, os dados s\u00e3o contestados pelo MST.<\/p>\n<\/p><\/div>\n<p><br \/>\n<br \/><a href=\"https:\/\/www.canalrural.com.br\/politica\/lula-planeja-visita-a-assentamento-do-mst-em-busca-de-reaproximacao-com-base-mais-fiel\/\">Source link <\/a><\/p>\n","protected":false},"excerpt":{"rendered":"<p>Integrantes do Movimento dos Trabalhadores sem Terra (MST) disseram que o presidente Luiz In\u00e1cio Lula da Silva visitar\u00e1, na pr\u00f3xima<\/p>\n","protected":false},"author":1,"featured_media":10390,"comment_status":"open","ping_status":"open","sticky":false,"template":"","format":"standard","meta":{"_monsterinsights_skip_tracking":false,"_monsterinsights_sitenote_active":false,"_monsterinsights_sitenote_note":"","_monsterinsights_sitenote_category":0,"_uf_show_specific_survey":0,"_uf_disable_surveys":false,"footnotes":""},"categories":[1],"tags":[],"class_list":["post-10389","post","type-post","status-publish","format-standard","has-post-thumbnail","hentry","category-news"],"_links":{"self":[{"href":"https:\/\/agromt.news\/index.php?rest_route=\/wp\/v2\/posts\/10389"}],"collection":[{"href":"https:\/\/agromt.news\/index.php?rest_route=\/wp\/v2\/posts"}],"about":[{"href":"https:\/\/agromt.news\/index.php?rest_route=\/wp\/v2\/types\/post"}],"author":[{"embeddable":true,"href":"https:\/\/agromt.news\/index.php?rest_route=\/wp\/v2\/users\/1"}],"replies":[{"embeddable":true,"href":"https:\/\/agromt.news\/index.php?rest_route=%2Fwp%2Fv2%2Fcomments&post=10389"}],"version-history":[{"count":0,"href":"https:\/\/agromt.news\/index.php?rest_route=\/wp\/v2\/posts\/10389\/revisions"}],"wp:featuredmedia":[{"embeddable":true,"href":"https:\/\/agromt.news\/index.php?rest_route=\/wp\/v2\/media\/10390"}],"wp:attachment":[{"href":"https:\/\/agromt.news\/index.php?rest_route=%2Fwp%2Fv2%2Fmedia&parent=10389"}],"wp:term":[{"taxonomy":"category","embeddable":true,"href":"https:\/\/agromt.news\/index.php?rest_route=%2Fwp%2Fv2%2Fcategories&post=10389"},{"taxonomy":"post_tag","embeddable":true,"href":"https:\/\/agromt.news\/index.php?rest_route=%2Fwp%2Fv2%2Ftags&post=10389"}],"curies":[{"name":"wp","href":"https:\/\/api.w.org\/{rel}","templated":true}]}}