{"id":10384,"date":"2025-03-02T13:52:23","date_gmt":"2025-03-02T17:52:23","guid":{"rendered":"https:\/\/agromt.news\/?p=10384"},"modified":"2025-03-02T13:52:23","modified_gmt":"2025-03-02T17:52:23","slug":"com-calorao-e-falta-de-chuva-conta-de-luz-deve-ter-tarifa-adicional-em-maio","status":"publish","type":"post","link":"https:\/\/agromt.news\/?p=10384","title":{"rendered":"Com calor\u00e3o e falta de chuva, conta de luz deve ter tarifa adicional em maio"},"content":{"rendered":"<p> <br \/>\n<br \/><img decoding=\"async\" src=\"https:\/\/agromt.news\/wp-content\/uploads\/2024\/09\/conta-de-luz.jpg\" \/><\/p>\n<div>\n<p>A piora nas expectativas de chuva para os pr\u00f3ximos meses, associada \u00e0 prov\u00e1vel manuten\u00e7\u00e3o das <a href=\"https:\/\/www.canalrural.com.br\/tempo\/semana-tera-clima-de-deserto-mas-tambem-chuva-acima-de-150-mm-veja-a-previsao\/\"><strong>altas temperaturas<\/strong><\/a>, tem feito com que a possibilidade de acionamento da bandeira tarif\u00e1ria amarela na conta de luz apare\u00e7a mais cedo nos modelos matem\u00e1ticos de profissionais que acompanham o tema.<\/p>\n<p>Assim, apostam que a volta da cobran\u00e7a adicional em maio, o que acrescentaria R$ 1,88 a cada 100 quilowatts (kWh) consumidos.<\/p>\n<p>Na sexta-feira (28), a Ag\u00eancia Nacional de Energia El\u00e9trica (Aneel) anunciou a bandeira verde para mar\u00e7o, sem custo adicional nas contas.<\/p>\n<p>A Ampere Consultoria avalia que as bandeiras tarif\u00e1rias devem permanecer verdes at\u00e9 abril, e amarelas no restante do ano. Segundo o s\u00f3cio consultor da empresa, Guilherme Ramalho de Oliveira, a perspectiva para o primeiro quadrimestre se deve principalmente \u00e0s condi\u00e7\u00f5es do per\u00edodo \u00famido, que est\u00e1 em andamento, combinadas \u00e0 tend\u00eancia de indicador de risco hidrol\u00f3gico (GSF, no jarg\u00e3o setorial) relativamente elevado, incluindo valores que apontam energia secund\u00e1ria nos meses de fevereiro e mar\u00e7o.<\/p>\n<section class=\"grid related-posts container-xl px-4 px-xl-0 mt-9 mt-md-10 related_posts\"\/>\n<p>\u201cMas a tend\u00eancia de degrada\u00e7\u00e3o do cen\u00e1rio hidrol\u00f3gico e aumento do PLD (pre\u00e7o de energia) deve mudar o cen\u00e1rio a partir de maio, com a ado\u00e7\u00e3o da bandeira amarela\u201d, disse Oliveira.<\/p>\n<p>O gerente de Intelig\u00eancia de Mercado da Electra Energy, Gabriel Apoena, cita que j\u00e1 se observa a escalada do PLD previsto para mar\u00e7o, que deve alcan\u00e7ar m\u00e9dia mensal acima dos R$ 300 por megawatt-hora (MWh) no m\u00eas que vem, ante valor abaixo dos R$ 100\/MWh estimado para fevereiro.<\/p>\n<\/div>\n<div>\n<p>Os cen\u00e1rios de sensibilidade testados pela C\u00e2mara de Comercializa\u00e7\u00e3o de Energia (CCEE) tamb\u00e9m passaram a considerar maior chance de acionamento de bandeira amarela ainda no primeiro semestre. H\u00e1 um m\u00eas, apenas o cen\u00e1rio de mais adversidade de gera\u00e7\u00e3o el\u00e9trica previa bandeira amarela em maio, quadro que seria mantido em junho.<\/p>\n<h2><b>Possibilidade de bandeira vermelha<\/b><\/h2>\n<p>Na mais recente atualiza\u00e7\u00e3o, divulgada na semana passada, o mesmo cen\u00e1rio manteve a bandeira amarela em maio e passou a considerar acionamento de bandeira vermelha patamar 1 em junho. J\u00e1 em um cen\u00e1rio um pouco mais ameno, que antes considerava bandeira verde em maio e amarela em junho, passou a considerar este acionamento tamb\u00e9m em maio, escalando para vermelha 1 no m\u00eas de junho.<\/p>\n<p>Relat\u00f3rio recente da XP tamb\u00e9m cita a perspectiva de acionamento de bandeira amarela a partir de maio, e acrescenta que, a partir de julho, haveria bandeira vermelha 1 ou 2, voltando para amarela apenas em novembro e verde em dezembro, a depender da pr\u00f3xima esta\u00e7\u00e3o chuvosa.<\/p>\n<p>Os analistas do banco anteriormente consideravam perspectiva de bandeira verde ao longo de 2025.<\/p>\n<p>J\u00e1 a PSR Energy passou a considerar \u201cchance consider\u00e1vel\u201d de acionamento de bandeira amarela a partir de junho. Anteriormente, explica o l\u00edder de intelig\u00eancia de mercado da consultoria, Mateus Cavaliere, as proje\u00e7\u00f5es apontavam menor probabilidade de cobran\u00e7a adicional no primeiro semestre e perspectiva de que isso ocorresse em julho ou agosto. Contudo, come\u00e7ou a pesar a perspectiva de antecipa\u00e7\u00e3o do fim do per\u00edodo \u00famido, alterando as expectativas com o enchimento dos reservat\u00f3rios das hidrel\u00e9tricas.<\/p>\n<p>A MCM Consultores Associados tamb\u00e9m incorporou em suas proje\u00e7\u00f5es bandeira amarela a partir de julho, assim permanecendo at\u00e9 novembro e voltando para verde em dezembro.<\/p>\n<\/p><\/div>\n<p><br \/>\n<br \/><a href=\"https:\/\/www.canalrural.com.br\/nacional\/com-calorao-e-falta-de-chuva-conta-de-luz-deve-ter-tarifa-adicional-em-maio\/\">Source link <\/a><\/p>\n","protected":false},"excerpt":{"rendered":"<p>A piora nas expectativas de chuva para os pr\u00f3ximos meses, associada \u00e0 prov\u00e1vel manuten\u00e7\u00e3o das altas temperaturas, tem feito com<\/p>\n","protected":false},"author":1,"featured_media":2408,"comment_status":"open","ping_status":"open","sticky":false,"template":"","format":"standard","meta":{"_monsterinsights_skip_tracking":false,"_monsterinsights_sitenote_active":false,"_monsterinsights_sitenote_note":"","_monsterinsights_sitenote_category":0,"_uf_show_specific_survey":0,"_uf_disable_surveys":false,"footnotes":""},"categories":[1],"tags":[],"class_list":["post-10384","post","type-post","status-publish","format-standard","has-post-thumbnail","hentry","category-news"],"_links":{"self":[{"href":"https:\/\/agromt.news\/index.php?rest_route=\/wp\/v2\/posts\/10384"}],"collection":[{"href":"https:\/\/agromt.news\/index.php?rest_route=\/wp\/v2\/posts"}],"about":[{"href":"https:\/\/agromt.news\/index.php?rest_route=\/wp\/v2\/types\/post"}],"author":[{"embeddable":true,"href":"https:\/\/agromt.news\/index.php?rest_route=\/wp\/v2\/users\/1"}],"replies":[{"embeddable":true,"href":"https:\/\/agromt.news\/index.php?rest_route=%2Fwp%2Fv2%2Fcomments&post=10384"}],"version-history":[{"count":0,"href":"https:\/\/agromt.news\/index.php?rest_route=\/wp\/v2\/posts\/10384\/revisions"}],"wp:featuredmedia":[{"embeddable":true,"href":"https:\/\/agromt.news\/index.php?rest_route=\/wp\/v2\/media\/2408"}],"wp:attachment":[{"href":"https:\/\/agromt.news\/index.php?rest_route=%2Fwp%2Fv2%2Fmedia&parent=10384"}],"wp:term":[{"taxonomy":"category","embeddable":true,"href":"https:\/\/agromt.news\/index.php?rest_route=%2Fwp%2Fv2%2Fcategories&post=10384"},{"taxonomy":"post_tag","embeddable":true,"href":"https:\/\/agromt.news\/index.php?rest_route=%2Fwp%2Fv2%2Ftags&post=10384"}],"curies":[{"name":"wp","href":"https:\/\/api.w.org\/{rel}","templated":true}]}}