{"id":1038,"date":"2024-09-02T15:11:05","date_gmt":"2024-09-02T19:11:05","guid":{"rendered":"https:\/\/agromt.news\/?p=1038"},"modified":"2024-09-02T15:11:05","modified_gmt":"2024-09-02T19:11:05","slug":"carne-missao-oficial-ao-mexico-destaca-potencial-e-oportunidades-para-exportacao","status":"publish","type":"post","link":"https:\/\/agromt.news\/?p=1038","title":{"rendered":"Carne: miss\u00e3o oficial ao M\u00e9xico destaca potencial e oportunidades para exporta\u00e7\u00e3o"},"content":{"rendered":"<p> <br \/>\n<br \/><img decoding=\"async\" src=\"https:\/\/agromt.news\/wp-content\/uploads\/2024\/08\/Precos-do-boi-gordo-seguem-em-alta-veja-cotacoes-do.jpg\" \/><\/p>\n<div>\n<p>Uma miss\u00e3o oficial do Brasil ao M\u00e9xico, promovida pelo Minist\u00e9rio da Agricultura brasileiro, buscou refor\u00e7ar o potencial de crescimento da exporta\u00e7\u00e3o da carne bovina do pa\u00eds \u00e0quele mercado, destacou a Associa\u00e7\u00e3o Brasileira das Ind\u00fastrias Exportadoras de Carne (<a href=\"https:\/\/www.canalrural.com.br\/tag\/abiec\/\">Abiec<\/a>) em nota. O mercado mexicano foi aberto \u00e0 carne bovina do Brasil em mar\u00e7o de 2023. Desde ent\u00e3o, as exporta\u00e7\u00f5es do produto t\u00eam registrado forte crescimento.<\/p>\n<p><em>Confira na palma da m\u00e3o informa\u00e7\u00f5es quentes sobre agricultura, pecu\u00e1ria, economia e previs\u00e3o do tempo:<\/em><a href=\"https:\/\/www.whatsapp.com\/channel\/0029Va9VnZxGk1FplZjiW43k\"><em> <\/em><strong>siga o Canal Rural no WhatsApp<\/strong><\/a>!<\/p>\n<p>\u201c<em>Com as importa\u00e7\u00f5es, eles suprem a demanda interna por determinado tipo de carne. Assim, ganham escala para exportar outros cortes, conforme a estrat\u00e9gia do momento<\/em>\u201d, disse, na nota, a diretora de Rela\u00e7\u00f5es Internacionais da Abiec, Lhais Sparvoli. \u201c<em>Eventos como esse ajudam a estreitar as rela\u00e7\u00f5es bilaterais e fazem parte de uma agenda estrat\u00e9gica constante<\/em>\u201d, acrescentou.<\/p>\n<\/div>\n<div>\n<p>A miss\u00e3o oficial no M\u00e9xico teve a participa\u00e7\u00e3o de autoridades como os secret\u00e1rios de Com\u00e9rcio e Rela\u00e7\u00f5es Internacionais, Roberto Perosa, e de Defesa Agropecu\u00e1ria, Carlos Goulart. A agenda incluiu reuni\u00f5es e rodadas de neg\u00f3cios para expandir e consolidar a presen\u00e7a da carne bovina brasileira no mercado mexicano. Tamb\u00e9m ocorreu um evento na embaixada do Brasil no pa\u00eds, promovido pela Abiec e Associa\u00e7\u00e3o Brasileira de Prote\u00edna Animal (<a href=\"https:\/\/www.canalrural.com.br\/tag\/abpa\/\">ABPA<\/a>).<\/p>\n<\/div>\n<p><br \/>\n<br \/><a href=\"https:\/\/www.canalrural.com.br\/pecuaria\/boi\/carne-missao-oficial-ao-mexico-destaca-potencial-e-oportunidades-para-exportacao\/\">Source link <\/a><\/p>\n","protected":false},"excerpt":{"rendered":"<p>Uma miss\u00e3o oficial do Brasil ao M\u00e9xico, promovida pelo Minist\u00e9rio da Agricultura brasileiro, buscou refor\u00e7ar o potencial de crescimento da<\/p>\n","protected":false},"author":1,"featured_media":1039,"comment_status":"open","ping_status":"open","sticky":false,"template":"","format":"standard","meta":{"_monsterinsights_skip_tracking":false,"_monsterinsights_sitenote_active":false,"_monsterinsights_sitenote_note":"","_monsterinsights_sitenote_category":0,"_uf_show_specific_survey":0,"_uf_disable_surveys":false,"footnotes":""},"categories":[1],"tags":[],"class_list":["post-1038","post","type-post","status-publish","format-standard","has-post-thumbnail","hentry","category-news"],"_links":{"self":[{"href":"https:\/\/agromt.news\/index.php?rest_route=\/wp\/v2\/posts\/1038"}],"collection":[{"href":"https:\/\/agromt.news\/index.php?rest_route=\/wp\/v2\/posts"}],"about":[{"href":"https:\/\/agromt.news\/index.php?rest_route=\/wp\/v2\/types\/post"}],"author":[{"embeddable":true,"href":"https:\/\/agromt.news\/index.php?rest_route=\/wp\/v2\/users\/1"}],"replies":[{"embeddable":true,"href":"https:\/\/agromt.news\/index.php?rest_route=%2Fwp%2Fv2%2Fcomments&post=1038"}],"version-history":[{"count":0,"href":"https:\/\/agromt.news\/index.php?rest_route=\/wp\/v2\/posts\/1038\/revisions"}],"wp:featuredmedia":[{"embeddable":true,"href":"https:\/\/agromt.news\/index.php?rest_route=\/wp\/v2\/media\/1039"}],"wp:attachment":[{"href":"https:\/\/agromt.news\/index.php?rest_route=%2Fwp%2Fv2%2Fmedia&parent=1038"}],"wp:term":[{"taxonomy":"category","embeddable":true,"href":"https:\/\/agromt.news\/index.php?rest_route=%2Fwp%2Fv2%2Fcategories&post=1038"},{"taxonomy":"post_tag","embeddable":true,"href":"https:\/\/agromt.news\/index.php?rest_route=%2Fwp%2Fv2%2Ftags&post=1038"}],"curies":[{"name":"wp","href":"https:\/\/api.w.org\/{rel}","templated":true}]}}