{"id":10379,"date":"2025-03-02T11:01:45","date_gmt":"2025-03-02T15:01:45","guid":{"rendered":"https:\/\/agromt.news\/?p=10379"},"modified":"2025-03-02T11:01:45","modified_gmt":"2025-03-02T15:01:45","slug":"farofa-sem-conservantes-e-tempero-tradicional-conquistam-mercado","status":"publish","type":"post","link":"https:\/\/agromt.news\/?p=10379","title":{"rendered":"farofa sem conservantes e tempero tradicional conquistam mercado"},"content":{"rendered":"<p> <br \/>\n<br \/><img decoding=\"async\" src=\"https:\/\/agromt.news\/wp-content\/uploads\/2025\/03\/farofa-sem-conservantes-e-tempero-tradicional-conquistam-mercado.png\" \/><\/p>\n<div>\n<p>Ant\u00f4nio Ara\u00fajo Neto J\u00fanior, mais conhecido como Tonho do Tempero, e Andr\u00e9a Palmiro Palhavam, propriet\u00e1ria da Di\u00f3li Alimentos, decidiram unir for\u00e7as para criar uma farofa diferenciada e <a href=\"https:\/\/www.canalrural.com.br\/empreendedorismo\/missao-no-baixo-amazonas-fortalece-cadeias-produtivas-e-propoe-inovacao-para-preservar-o-ambiente\/\">expandir suas vendas<\/a>. <\/p>\n<p>A ideia surgiu dentro do programa <a href=\"https:\/\/sebrae.com.br\/sites\/PortalSebrae\/ufs\/ms\/programas\/move-programa-agente-de-mercado,9582f0e7b8b71910VgnVCM1000001b00320aRCRD\">Move+<\/a>, uma iniciativa do Sebrae Mato Grosso do Sul (MS) voltada para impulsionar pequenos neg\u00f3cios.<\/p>\n<p>Mesmo com a dist\u00e2ncia entre Campo Grande e Dourados, os empreendedores superaram desafios e consolidaram uma parceria promissora. <\/p>\n<p>O resultado foi o lan\u00e7amento da <a href=\"https:\/\/ms.agenciasebrae.com.br\/cultura-empreendedora\/farofa-pronta-pantanal-parceria-entre-empresas-resulta-em-novo-produto-e-vendas-alcancam-diversos-municipios-de-ms\/\">Farofa Pronta Pantanal<\/a>, que combina o tempero artesanal de Tonho com a farofa sem conservantes da Di\u00f3li.<\/p>\n<p>Como os dois j\u00e1 forneciam produtos para mercados, conveni\u00eancias e outros pontos de venda, surgiu a ideia de lan\u00e7arem juntos uma nova receita para atender os estabelecimentos e conquistar novos clientes.<\/p>\n<blockquote class=\"wp-block-quote is-layout-flow wp-block-quote-is-layout-flow\">\n<p> \u201cO meu tempero j\u00e1 existe h\u00e1 25 anos, mas a ideia da Farofa Pronta Pantanal veio com a ajuda do Sebrae, que nos orientou, nos dando mentoria e suporte t\u00e9cnico para realizar esse projeto\u201d, relembra Ant\u00f4nio.<\/p>\n<\/blockquote>\n<p>J\u00e1 Andr\u00e9a administra h\u00e1 cinco anos a Di\u00f3li Alimentos ao lado do marido, Ivo Silva Garay. A empresa se destaca na fabrica\u00e7\u00e3o de farofas temperadas \u00e0 base de mandioca, sem conservantes e com ingredientes selecionados.<\/p>\n<h2 class=\"wp-block-heading\" id=\"h-expansao-e-novos-mercados\"><strong>Expans\u00e3o e novos mercados<\/strong><\/h2>\n<p>Com um ano de mercado, a Farofa Pronta Pantanal j\u00e1 chegou a diversas cidades de Mato Grosso do Sul, fortalecendo a presen\u00e7a da marca e abrindo novas oportunidades. <\/p>\n<blockquote class=\"wp-block-quote is-layout-flow wp-block-quote-is-layout-flow\">\n<p>\u201cEssa parceria est\u00e1 fazendo um ano e nos trouxe resultados positivos com a venda do produto em diversos munic\u00edpios. Sem falar que, com o apoio do Sebrae, tamb\u00e9m participamos de feiras e eventos onde podemos divulgar tanto a Farofa Pronta Pantanal quanto os outros produtos\u201d, destaca Andr\u00e9a.\u00a0<\/p>\n<\/blockquote>\n<\/div>\n<div>\n<h2 class=\"wp-block-heading\" id=\"h-impacto-positivo-e-crescimento-sustentavel\"><strong>Impacto positivo e crescimento sustent\u00e1vel<\/strong><\/h2>\n<p>Juntamente com o Tonho e Andrea, o programa Move + atendeu mais de 300 empreendedores em Mato Grosso do Sul no \u00faltimo ano, ofertando uma jornada de consultorias focadas na competitividade e expans\u00e3o comercial, al\u00e9m de possibilitar conex\u00f5es entre os empres\u00e1rios. <\/p>\n<p>Com esse suporte, foi identificado o aumento m\u00e9dio de 42% no faturamento dos empres\u00e1rios, al\u00e9m da realiza\u00e7\u00e3o de 1.102 aproxima\u00e7\u00f5es entre microempreendedores, abrindo portas para novos mercados e neg\u00f3cios. O sucesso da Farofa Pronta Pantanal vai al\u00e9m das vendas. <\/p>\n<blockquote class=\"wp-block-quote is-layout-flow wp-block-quote-is-layout-flow\">\n<p>\u201cDepois que participei do programa, percebi um aumento de 15% no faturamento das vendas\u201d, afirma Tonho.<\/p>\n<\/blockquote>\n<ul class=\"wp-block-list\">\n<li>Participe do Porteira Aberta Empreender: envie perguntas, sugest\u00f5es e conte sua hist\u00f3ria de empreendedorismo pelo\u00a0<a href=\"https:\/\/api.whatsapp.com\/send?phone=5511932796720&amp;PorteiraAbertaEmpreender=SuaMensagem\">WhatsApp<\/a><\/li>\n<\/ul>\n<h2 class=\"wp-block-heading\" id=\"h-porteira-aberta-empreender-conectando-o-campo-e-o-mundo\"><strong>Porteira Aberta Empreender: conectando o campo e o mundo<\/strong><\/h2>\n<p>Se voc\u00ea tamb\u00e9m quer expandir seu neg\u00f3cio e conquistar novos mercados, participe do Porteira Aberta Empreender. Envie suas d\u00favidas, sugest\u00f5es e compartilhe sua hist\u00f3ria de empreendedorismo pelo<a href=\"https:\/\/api.whatsapp.com\/send?phone=5511932796720&amp;PorteiraAbertaEmpreender=SuaMensagem\"> WhatsApp.<\/a><\/p>\n<p>Al\u00e9m disso, no programa Porteira Aberta Empreender, uma produ\u00e7\u00e3o do Canal Rural em parceria com o <a href=\"https:\/\/sebrae.com.br\/sites\/PortalSebrae\/\">Sebrae<\/a>, voc\u00ea, micro e pequeno produtor rural, descobre solu\u00e7\u00f5es, produtos, servi\u00e7os e inova\u00e7\u00f5es para fortalecer seu empreendimento rural.<\/p>\n<p>Acompanhe as novidades no site do <a href=\"https:\/\/www.canalrural.com.br\/empreendedorismo\/\">Canal Rural\/ Empreendedorismo<\/a> e aprenda a empreender de forma segura e respons\u00e1vel. <\/p>\n<p>Venha abrir as portas do seu neg\u00f3cio de maneira sustent\u00e1vel, assista e participe do <a href=\"https:\/\/www.canalrural.com.br\/empreendedorismo\/capacitacao-o-caminho-para-impulsionar-seu-negocio\/\">Porteira Aberta Empreender.<\/a><\/p>\n<\/p><\/div>\n<p><br \/>\n<br \/><a href=\"https:\/\/www.canalrural.com.br\/empreendedorismo\/parceria-de-sucesso-farofa-sem-conservantes-e-tempero-tradicional-conquistam-mercado\/\">Source link <\/a><\/p>\n","protected":false},"excerpt":{"rendered":"<p>Ant\u00f4nio Ara\u00fajo Neto J\u00fanior, mais conhecido como Tonho do Tempero, e Andr\u00e9a Palmiro Palhavam, propriet\u00e1ria da Di\u00f3li Alimentos, decidiram unir<\/p>\n","protected":false},"author":1,"featured_media":10380,"comment_status":"open","ping_status":"open","sticky":false,"template":"","format":"standard","meta":{"_monsterinsights_skip_tracking":false,"_monsterinsights_sitenote_active":false,"_monsterinsights_sitenote_note":"","_monsterinsights_sitenote_category":0,"_uf_show_specific_survey":0,"_uf_disable_surveys":false,"footnotes":""},"categories":[1],"tags":[],"class_list":["post-10379","post","type-post","status-publish","format-standard","has-post-thumbnail","hentry","category-news"],"_links":{"self":[{"href":"https:\/\/agromt.news\/index.php?rest_route=\/wp\/v2\/posts\/10379"}],"collection":[{"href":"https:\/\/agromt.news\/index.php?rest_route=\/wp\/v2\/posts"}],"about":[{"href":"https:\/\/agromt.news\/index.php?rest_route=\/wp\/v2\/types\/post"}],"author":[{"embeddable":true,"href":"https:\/\/agromt.news\/index.php?rest_route=\/wp\/v2\/users\/1"}],"replies":[{"embeddable":true,"href":"https:\/\/agromt.news\/index.php?rest_route=%2Fwp%2Fv2%2Fcomments&post=10379"}],"version-history":[{"count":0,"href":"https:\/\/agromt.news\/index.php?rest_route=\/wp\/v2\/posts\/10379\/revisions"}],"wp:featuredmedia":[{"embeddable":true,"href":"https:\/\/agromt.news\/index.php?rest_route=\/wp\/v2\/media\/10380"}],"wp:attachment":[{"href":"https:\/\/agromt.news\/index.php?rest_route=%2Fwp%2Fv2%2Fmedia&parent=10379"}],"wp:term":[{"taxonomy":"category","embeddable":true,"href":"https:\/\/agromt.news\/index.php?rest_route=%2Fwp%2Fv2%2Fcategories&post=10379"},{"taxonomy":"post_tag","embeddable":true,"href":"https:\/\/agromt.news\/index.php?rest_route=%2Fwp%2Fv2%2Ftags&post=10379"}],"curies":[{"name":"wp","href":"https:\/\/api.w.org\/{rel}","templated":true}]}}