{"id":10367,"date":"2025-03-01T19:02:58","date_gmt":"2025-03-01T23:02:58","guid":{"rendered":"https:\/\/agromt.news\/?p=10367"},"modified":"2025-03-01T19:02:58","modified_gmt":"2025-03-01T23:02:58","slug":"avanco-na-colheita-de-soja-saiba-como-foi-a-semana-do-grao","status":"publish","type":"post","link":"https:\/\/agromt.news\/?p=10367","title":{"rendered":"Avan\u00e7o na colheita de soja; saiba como foi a semana do gr\u00e3o"},"content":{"rendered":"<p> <br \/>\n<br \/><img decoding=\"async\" src=\"https:\/\/agromt.news\/wp-content\/uploads\/2025\/03\/Avanco-na-colheita-de-soja-saiba-como-foi-a-semana.png\" \/><\/p>\n<div>\n<p>O <a href=\"https:\/\/www.canalrural.com.br\/?s=mercado+da+soja\">mercado <\/a>brasileiro da soja teve em fevereiro muitas dificuldades para definir um direcionamento para os pre\u00e7os. Em decorr\u00eancia deste quadro, a comercializa\u00e7\u00e3o teve ritmo lento. Os agentes aproveitaram os momentos de pico para negociar um pouco mais, mas, no balan\u00e7o, a negocia\u00e7\u00e3o seguiu limitada.<\/p>\n<ul class=\"wp-block-list\">\n<li><strong><em>Fique por dentro das novidades e not\u00edcias recentes sobre a soja! Participe da nossa comunidade atrav\u00e9s do\u00a0<a href=\"https:\/\/chat.whatsapp.com\/BmMRwA0TZ2DHGyhzoaVEWu\">link<\/a>! \ud83c\udf31<\/em><\/strong><\/li>\n<\/ul>\n<p>Os produtores, diante deste cen\u00e1rio, focaram nos trabalhos de campo. Ap\u00f3s um per\u00edodo de condi\u00e7\u00f5es clim\u00e1ticas preocupantes, a situa\u00e7\u00e3o se normalizou na segunda quinzena. No Centro-Oeste, as chuvas deram espa\u00e7o para per\u00edodos secos e a colheita avan\u00e7ou, atingindo patamares pr\u00f3ximos da m\u00e9dia, ap\u00f3s um in\u00edcio de lentid\u00e3o.<\/p>\n<p>J\u00e1 no sul, as chuvas retornaram e ajudaram a limitar os efeitos das fortes temperaturas sobre o rendimento. Mas perdas no potencial produtivo no Rio Grande do Sul j\u00e1 n\u00e3o podem mais ser revertidas. A situa\u00e7\u00e3o foi semelhante na Argentina, devido ao clima irregular.<\/p>\n<p>No balan\u00e7o, no entanto, a expectativa \u00e9 de uma ampla oferta de soja sul-americana entrando no mercado, o que ajudou a pressionar as cota\u00e7\u00f5es no mercado futuro de Chicago.<\/p>\n<h2 class=\"wp-block-heading\" id=\"h-como-ficaram-os-precos-da-soja\">Como ficaram os pre\u00e7os da soja?<\/h2>\n<ul class=\"wp-block-list\">\n<li><strong>Passo Fundo (RS):<\/strong> O pre\u00e7o caiu de R$ 133,00 para R$ 131,00<\/li>\n<li><strong>Cascavel (PR):<\/strong> O pre\u00e7o subiu de R$ 122,00 para R$ 129,00<\/li>\n<li><strong>Rondon\u00f3polis (MT):<\/strong> O pre\u00e7o caiu de R$ 133,00 para R$ 117,00<\/li>\n<li><strong>Porto de Paranagu\u00e1:<\/strong> O pre\u00e7o subiu de R$ 131,00 para R$ 134,00<\/li>\n<\/ul>\n<h2 class=\"wp-block-heading\" id=\"h-chicago\">Chicago <\/h2>\n<p>Na Bolsa de Mercadorias de Chicago (<a href=\"https:\/\/www.canalrural.com.br\/?s=CBOT\">CBOT<\/a>), os contratos com vencimento em maio tiveram desvaloriza\u00e7\u00e3o de 1,58% no per\u00edodo, sendo cotados na manh\u00e3 do dia 28 a US$ 10,40 3\/4 por bushel. Al\u00e9m do avan\u00e7o da colheita no Brasil, o mercado foi impactado negativamente pelas preocupa\u00e7\u00f5es com a pol\u00edtica tarif\u00e1ria do novo governo americano.<\/p>\n<p>O d\u00f3lar comercial abriu o m\u00eas na casa de R$ 5,84 e vai fechando a R$ 5,83. Mas durante o m\u00eas chegou a recuar para n\u00edveis de R$ 5,70. O cen\u00e1rio externo, as preocupa\u00e7\u00f5es inflacion\u00e1rias no Brasil e ru\u00eddos pol\u00edticos trouxeram de novo a moeda para patamares acima de R$ 5,80.<\/p>\n<\/div>\n<div>\n<h2 class=\"wp-block-heading\" id=\"h-eua\">EUA<\/h2>\n<p>A \u00e1rea a ser plantada com soja nos Estados Unidos em 2025 dever\u00e1 ocupar 84 milh\u00f5es de acres. A previs\u00e3o foi feita durante o F\u00f3rum Anual do Departamento de Agricultura dos Estados Unidos (USDA). Analistas esperavam 84,4 milh\u00f5es de acres. No ano passado, a \u00e1rea totalizou 87,1 milh\u00f5es de acres.<\/p>\n<p>Essa foi a primeira sinaliza\u00e7\u00e3o para a semeadura americana em 2025. Com pre\u00e7os mais competitivos, o milho deve ganhar \u00e1rea da soja na atual temporada. No dia 31 de mar\u00e7o, o USDA vai divulgar o seu relat\u00f3rio de inten\u00e7\u00e3o de plantio.<\/p>\n<h2 class=\"wp-block-heading\" id=\"h-argentina\">Argentina <\/h2>\n<p>As lavouras de soja da Argentina receberam chuvas nos \u00faltimos dias, especialmente na regi\u00e3o central, o que favoreceu a melhoria da condi\u00e7\u00e3o h\u00eddrica. Em contraste, no norte da regi\u00e3o agr\u00edcola n\u00e3o recebeu precipita\u00e7\u00f5es e teve temperaturas elevadas. No geral, as condi\u00e7\u00f5es de cultivo tamb\u00e9m tiveram um incremento.<\/p>\n<p>A soja de primeira tem mais de 40% da \u00e1rea entrando em enchimento de gr\u00e3os sob umidade ideal. Nas regi\u00f5es NEA e Norte de Santa F\u00e9, mais de 30% entram nesse per\u00edodo cr\u00edtico sob d\u00e9ficit h\u00eddrico. Na soja de plantio tardio, ainda que algumas lavouras tenham baixa densidade pela escassez de chuvas, a volta recente das precipita\u00e7\u00f5es beneficiou a cultura.<\/p>\n<p>Diante desse cen\u00e1rio, a Bolsa de Cereais de Buenos Aires mant\u00e9m sua proje\u00e7\u00e3o de produ\u00e7\u00e3o em 49,6 milh\u00f5es de toneladas.<\/p>\n<h2 class=\"wp-block-heading\" id=\"h-tarifas\">Tarifas <\/h2>\n<p>O presidente dos EUA, Donald Trump, anunciou nesta quinta-feira (27) que as tarifas de 25% sobre importa\u00e7\u00f5es do M\u00e9xico e do Canad\u00e1 entrar\u00e3o em vigor em 4 de mar\u00e7o, conforme planejado. Al\u00e9m disso, a China enfrentar\u00e1 uma tarifa adicional de 10% sobre seus produtos a partir da mesma data. As tarifas sobre M\u00e9xico e Canad\u00e1 haviam sido suspensas em 3 de fevereiro por um m\u00eas, mas a administra\u00e7\u00e3o Trump gerou d\u00favidas recentes sobre sua reimplementa\u00e7\u00e3o.<\/p>\n<p>Trump tamb\u00e9m destacou que a data de 2 de abril para a implementa\u00e7\u00e3o de tarifas rec\u00edprocas permanece em vigor. A decis\u00e3o reflete a postura dura do governo em rela\u00e7\u00e3o a quest\u00f5es comerciais e de seguran\u00e7a, mesmo diante de cr\u00edticas e preocupa\u00e7\u00f5es sobre os impactos econ\u00f4micos das tarifas. A medida pode intensificar as tens\u00f5es comerciais entre os pa\u00edses, especialmente com a China, que j\u00e1 enfrenta tarifas de 10% sobre seus produtos exportados para os EUA.<\/p>\n<\/p><\/div>\n<p><br \/>\n<br \/><a href=\"https:\/\/www.canalrural.com.br\/agricultura\/projeto-soja-brasil\/avanco-na-colheita-de-soja-saiba-como-foi-a-semana-do-grao\/\">Source link <\/a><\/p>\n","protected":false},"excerpt":{"rendered":"<p>O mercado brasileiro da soja teve em fevereiro muitas dificuldades para definir um direcionamento para os pre\u00e7os. Em decorr\u00eancia deste<\/p>\n","protected":false},"author":1,"featured_media":10368,"comment_status":"open","ping_status":"open","sticky":false,"template":"","format":"standard","meta":{"_monsterinsights_skip_tracking":false,"_monsterinsights_sitenote_active":false,"_monsterinsights_sitenote_note":"","_monsterinsights_sitenote_category":0,"_uf_show_specific_survey":0,"_uf_disable_surveys":false,"footnotes":""},"categories":[1],"tags":[],"class_list":["post-10367","post","type-post","status-publish","format-standard","has-post-thumbnail","hentry","category-news"],"_links":{"self":[{"href":"https:\/\/agromt.news\/index.php?rest_route=\/wp\/v2\/posts\/10367"}],"collection":[{"href":"https:\/\/agromt.news\/index.php?rest_route=\/wp\/v2\/posts"}],"about":[{"href":"https:\/\/agromt.news\/index.php?rest_route=\/wp\/v2\/types\/post"}],"author":[{"embeddable":true,"href":"https:\/\/agromt.news\/index.php?rest_route=\/wp\/v2\/users\/1"}],"replies":[{"embeddable":true,"href":"https:\/\/agromt.news\/index.php?rest_route=%2Fwp%2Fv2%2Fcomments&post=10367"}],"version-history":[{"count":0,"href":"https:\/\/agromt.news\/index.php?rest_route=\/wp\/v2\/posts\/10367\/revisions"}],"wp:featuredmedia":[{"embeddable":true,"href":"https:\/\/agromt.news\/index.php?rest_route=\/wp\/v2\/media\/10368"}],"wp:attachment":[{"href":"https:\/\/agromt.news\/index.php?rest_route=%2Fwp%2Fv2%2Fmedia&parent=10367"}],"wp:term":[{"taxonomy":"category","embeddable":true,"href":"https:\/\/agromt.news\/index.php?rest_route=%2Fwp%2Fv2%2Fcategories&post=10367"},{"taxonomy":"post_tag","embeddable":true,"href":"https:\/\/agromt.news\/index.php?rest_route=%2Fwp%2Fv2%2Ftags&post=10367"}],"curies":[{"name":"wp","href":"https:\/\/api.w.org\/{rel}","templated":true}]}}