{"id":10365,"date":"2025-03-01T17:57:36","date_gmt":"2025-03-01T21:57:36","guid":{"rendered":"https:\/\/agromt.news\/?p=10365"},"modified":"2025-03-01T17:57:36","modified_gmt":"2025-03-01T21:57:36","slug":"alckmin-afasta-aumento-ou-criacao-de-impostos-para-conter-preco-dos-alimentos","status":"publish","type":"post","link":"https:\/\/agromt.news\/?p=10365","title":{"rendered":"Alckmin afasta aumento ou cria\u00e7\u00e3o de impostos para conter pre\u00e7o dos alimentos"},"content":{"rendered":"<p> <br \/>\n<br \/><img decoding=\"async\" src=\"https:\/\/agromt.news\/wp-content\/uploads\/2024\/09\/Alckmin-afirma-que-governo-cumprira-rigorosamente-o-arcabouco-fiscal.jpg\" \/><\/p>\n<div>\n<p>O vice-presidente e ministro do Desenvolvimento, Ind\u00fastria, Com\u00e9rcio e Servi\u00e7os, Geraldo Alckmin, disse nesta sexta-feira (28) que nenhuma medida heterodoxa ser\u00e1 tomada para conter o pre\u00e7o dos alimentos, rejeitando aumento de imposto ou a cria\u00e7\u00e3o de tributo de exporta\u00e7\u00e3o. <\/p>\n<p>Ele respondeu ainda que n\u00e3o h\u00e1 nenhuma decis\u00e3o tomada sobre um eventual corte de imposto de importa\u00e7\u00e3o sobre \u00f3leos vegetais.<\/p>\n<p>\u201cN\u00e3o tem nenhuma decis\u00e3o a esse respeito, essa \u00e9 uma quest\u00e3o que est\u00e1 sendo discutida por v\u00e1rios minist\u00e9rios. O que n\u00e3o ter\u00e1 \u00e9 heterodoxia, aumento de imposto, cria\u00e7\u00e3o de imposto de exporta\u00e7\u00e3o\u201d, disse Alckmin a jornalistas.<\/p>\n<\/div>\n<div>\n<p>Ele ainda classificou o clima previsto para 2025 como uma \u201cboa not\u00edcia\u201d que ajudar\u00e1 na safra agr\u00edcola e, portanto, no pre\u00e7o dos alimentos. Al\u00e9m disso, citou a expectativa de uma cota\u00e7\u00e3o mais baixa do d\u00f3lar em rela\u00e7\u00e3o ao patamar fechado em 2024.<\/p>\n<p>\u201cO que aconteceu em 2024? N\u00f3s tivemos dois problemas, um foi a seca. Voc\u00ea pegar o <strong><a href=\"https:\/\/www.canalrural.com.br\/agricultura\/cafe\/\">caf\u00e9<\/a><\/strong>, por exemplo, seca e calor, n\u00e3o tem nada pior. Ent\u00e3o, a expectativa do clima para esse ano \u00e9 boa\u201d, disse.<\/p>\n<p>O governo avalia zerar temporariamente o imposto de importa\u00e7\u00e3o de todos \u00f3leos vegetais, de acordo com fontes. A proposta est\u00e1 em an\u00e1lise no \u00e2mbito do grupo interministerial que discute medidas para redu\u00e7\u00e3o dos pre\u00e7os dos alimentos.<\/p>\n<\/p><\/div>\n<p><br \/>\n<br \/><a href=\"https:\/\/www.canalrural.com.br\/agricultura\/alckmin-afasta-aumento-ou-criacao-de-impostos-para-conter-preco-dos-alimentos\/\">Source link <\/a><\/p>\n","protected":false},"excerpt":{"rendered":"<p>O vice-presidente e ministro do Desenvolvimento, Ind\u00fastria, Com\u00e9rcio e Servi\u00e7os, Geraldo Alckmin, disse nesta sexta-feira (28) que nenhuma medida heterodoxa<\/p>\n","protected":false},"author":1,"featured_media":2093,"comment_status":"open","ping_status":"open","sticky":false,"template":"","format":"standard","meta":{"_monsterinsights_skip_tracking":false,"_monsterinsights_sitenote_active":false,"_monsterinsights_sitenote_note":"","_monsterinsights_sitenote_category":0,"_uf_show_specific_survey":0,"_uf_disable_surveys":false,"footnotes":""},"categories":[1],"tags":[],"class_list":["post-10365","post","type-post","status-publish","format-standard","has-post-thumbnail","hentry","category-news"],"_links":{"self":[{"href":"https:\/\/agromt.news\/index.php?rest_route=\/wp\/v2\/posts\/10365"}],"collection":[{"href":"https:\/\/agromt.news\/index.php?rest_route=\/wp\/v2\/posts"}],"about":[{"href":"https:\/\/agromt.news\/index.php?rest_route=\/wp\/v2\/types\/post"}],"author":[{"embeddable":true,"href":"https:\/\/agromt.news\/index.php?rest_route=\/wp\/v2\/users\/1"}],"replies":[{"embeddable":true,"href":"https:\/\/agromt.news\/index.php?rest_route=%2Fwp%2Fv2%2Fcomments&post=10365"}],"version-history":[{"count":0,"href":"https:\/\/agromt.news\/index.php?rest_route=\/wp\/v2\/posts\/10365\/revisions"}],"wp:featuredmedia":[{"embeddable":true,"href":"https:\/\/agromt.news\/index.php?rest_route=\/wp\/v2\/media\/2093"}],"wp:attachment":[{"href":"https:\/\/agromt.news\/index.php?rest_route=%2Fwp%2Fv2%2Fmedia&parent=10365"}],"wp:term":[{"taxonomy":"category","embeddable":true,"href":"https:\/\/agromt.news\/index.php?rest_route=%2Fwp%2Fv2%2Fcategories&post=10365"},{"taxonomy":"post_tag","embeddable":true,"href":"https:\/\/agromt.news\/index.php?rest_route=%2Fwp%2Fv2%2Ftags&post=10365"}],"curies":[{"name":"wp","href":"https:\/\/api.w.org\/{rel}","templated":true}]}}