{"id":10357,"date":"2025-03-01T15:45:52","date_gmt":"2025-03-01T19:45:52","guid":{"rendered":"https:\/\/agromt.news\/?p=10357"},"modified":"2025-03-01T15:45:52","modified_gmt":"2025-03-01T19:45:52","slug":"marco-tera-calor-e-volta-das-chuvas-confira-a-previsao-do-tempo","status":"publish","type":"post","link":"https:\/\/agromt.news\/?p=10357","title":{"rendered":"Mar\u00e7o ter\u00e1 calor e volta das chuvas; confira a previs\u00e3o do tempo"},"content":{"rendered":"<p> <br \/>\n<br \/><img decoding=\"async\" src=\"https:\/\/agromt.news\/wp-content\/uploads\/2024\/10\/previsao-de-250-mm-de-chuva-em-24h-para-estado.jpg\" \/><\/p>\n<div>\n<figure class=\"wp-block-embed is-type-video is-provider-youtube wp-block-embed-youtube wp-embed-aspect-16-9 wp-has-aspect-ratio\">\n<p>\n<iframe title=\"Confira a previs\u00e3o do tempo para o m\u00eas de mar\u00e7o\" width=\"800\" height=\"450\" src=\"https:\/\/www.youtube.com\/embed\/CG4DZ4kNPMQ?feature=oembed\" frameborder=\"0\" allow=\"accelerometer; autoplay; clipboard-write; encrypted-media; gyroscope; picture-in-picture; web-share\" referrerpolicy=\"strict-origin-when-cross-origin\" allowfullscreen><\/iframe><noscript><iframe title=\"Confira a previs\u00e3o do tempo para o m\u00eas de mar\u00e7o\" width=\"800\" height=\"450\" src=\"https:\/\/www.youtube.com\/embed\/CG4DZ4kNPMQ?feature=oembed\" frameborder=\"0\" allow=\"accelerometer; autoplay; clipboard-write; encrypted-media; gyroscope; picture-in-picture; web-share\" referrerpolicy=\"strict-origin-when-cross-origin\" allowfullscreen><\/iframe><\/noscript>\n<\/p>\n<\/figure>\n<p>O m\u00eas de mar\u00e7o come\u00e7a com temperaturas elevadas em grande parte do Brasil, especialmente nas regi\u00f5es Sudeste e Centro-Oeste. <\/p>\n<p>Segundo o meteorologista Arthur M\u00fcller, do Canal Rural, a tend\u00eancia \u00e9 que o calor intenso predomine nas duas primeiras semanas do m\u00eas. A partir da segunda quinzena, espera-se o retorno de chuvas mais significativas, principalmente no Sul e no Norte.<\/p>\n<p>Confira os destaques de mar\u00e7o em cada regi\u00e3o do pa\u00eds.<\/p>\n<h3 class=\"wp-block-heading\" id=\"h-sul-chuvas-voltam-mas-calor-ainda-persiste\"><strong>Sul: chuvas voltam, mas calor ainda persiste<\/strong><\/h3>\n<p>No Sul, o retorno das chuvas ser\u00e1 gradual, beneficiando estados que enfrentaram per\u00edodos de estiagem, como o <strong><a href=\"https:\/\/www.canalrural.com.br\/nacional\/rio-grande-do-sul\/\">Rio Grande do Sul<\/a><\/strong>. <\/p>\n<p>No entanto, a precipita\u00e7\u00e3o ficar\u00e1 abaixo da m\u00e9dia no extremo sul ga\u00facho, incluindo Dom Pedrito, onde os volumes n\u00e3o devem ultrapassar os 70 mm at\u00e9 o dia 10 de mar\u00e7o. J\u00e1 a partir do dia 7, a chegada de <strong>massas de ar frio<\/strong> pode derrubar as temperaturas para 12 \u00b0C, amenizando o calor que, at\u00e9 o dia 5, ainda poder\u00e1 atingir 35 \u00b0C.<\/p>\n<h3 class=\"wp-block-heading\" id=\"h-sudeste-calor-intenso-e-chuvas-irregulares\"><strong>Sudeste: calor intenso e chuvas irregulares<\/strong><\/h3>\n<p>No Sudeste, as chuvas continuam abaixo da m\u00e9dia, especialmente no interior de S\u00e3o Paulo, centro-norte de Minas Gerais e Esp\u00edrito Santo. <\/p>\n<p>Em cidades como Lins (SP), as precipita\u00e7\u00f5es devem se intensificar a partir do dia 10, acumulando cerca de 70 mm no per\u00edodo. <\/p>\n<\/div>\n<div>\n<p>At\u00e9 l\u00e1, as m\u00e1ximas podem chegar a 37 \u00b0C, com expectativa de leve queda apenas no fim do m\u00eas, quando as temperaturas devem se estabilizar na casa de 30 \u00b0C.<\/p>\n<h3 class=\"wp-block-heading\" id=\"h-centro-oeste-chuvas-favorecem-a-safra-mas-calor-persiste\"><strong>Centro-Oeste: chuvas favorecem a safra, mas calor persiste<\/strong><\/h3>\n<p>A umidade estar\u00e1 bem distribu\u00edda no Centro-Oeste, beneficiando o milho segunda safra, recentemente semeado. No oeste de Mato Grosso, a cidade de Pontes e Lacerda ainda enfrentar\u00e1 altos volumes de chuva nos pr\u00f3ximos dias, podendo chegar a 150 mm. <\/p>\n<p>No acumulado do m\u00eas, \u00e1reas do estado devem registrar 300 mm de precipita\u00e7\u00e3o. <\/p>\n<p>A colheita da soja segue atrasada, com 30% das lavouras ainda no campo, e metade da \u00e1rea de milho segunda safra precisando ser plantada. Com a diminui\u00e7\u00e3o das chuvas no fim do m\u00eas, a temperatura voltar\u00e1 a subir, alcan\u00e7ando os 32 \u00b0C.<\/p>\n<h3 class=\"wp-block-heading\" id=\"h-nordeste-seca-persiste-mas-chuvas-comecam-a-retornar\"><strong>Nordeste: seca persiste, mas chuvas come\u00e7am a retornar<\/strong><\/h3>\n<p>O interior da Bahia e de Pernambuco continuar\u00e1 enfrentando um cen\u00e1rio cr\u00edtico de estiagem. No entanto, a partir do dia 10 de mar\u00e7o, chuvas de 50 a 90 mm devem aliviar o quadro em algumas \u00e1reas produtoras. <\/p>\n<p>Mesmo assim, at\u00e9 l\u00e1, as temperaturas seguir\u00e3o elevadas, dificultando as condi\u00e7\u00f5es para as lavouras.<\/p>\n<h3 class=\"wp-block-heading\" id=\"h-norte-chuva-nao-da-tregua-e-impacta-producao\"><strong>Norte: chuva n\u00e3o d\u00e1 tr\u00e9gua e impacta produ\u00e7\u00e3o<\/strong><\/h3>\n<p>A regi\u00e3o continuar\u00e1 registrando altos volumes de chuva, com destaque para S\u00e3o F\u00e9lix do Xingu (PA), onde o acumulado pode ultrapassar 400 mm nos pr\u00f3ximos 30 dias. <\/p>\n<p>O solo j\u00e1 saturado dificultar\u00e1 os trabalhos no campo, apesar de as temperaturas permanecerem dentro da m\u00e9dia para a \u00e9poca.<\/p>\n<\/p><\/div>\n<p><br \/>\n<br \/><a href=\"https:\/\/www.canalrural.com.br\/tempo\/marco-tera-calor-e-volta-das-chuvas-confira-a-previsao-do-tempo\/\">Source link <\/a><\/p>\n","protected":false},"excerpt":{"rendered":"<p>O m\u00eas de mar\u00e7o come\u00e7a com temperaturas elevadas em grande parte do Brasil, especialmente nas regi\u00f5es Sudeste e Centro-Oeste. Segundo<\/p>\n","protected":false},"author":1,"featured_media":3592,"comment_status":"open","ping_status":"open","sticky":false,"template":"","format":"standard","meta":{"_monsterinsights_skip_tracking":false,"_monsterinsights_sitenote_active":false,"_monsterinsights_sitenote_note":"","_monsterinsights_sitenote_category":0,"_uf_show_specific_survey":0,"_uf_disable_surveys":false,"footnotes":""},"categories":[1],"tags":[],"class_list":["post-10357","post","type-post","status-publish","format-standard","has-post-thumbnail","hentry","category-news"],"_links":{"self":[{"href":"https:\/\/agromt.news\/index.php?rest_route=\/wp\/v2\/posts\/10357"}],"collection":[{"href":"https:\/\/agromt.news\/index.php?rest_route=\/wp\/v2\/posts"}],"about":[{"href":"https:\/\/agromt.news\/index.php?rest_route=\/wp\/v2\/types\/post"}],"author":[{"embeddable":true,"href":"https:\/\/agromt.news\/index.php?rest_route=\/wp\/v2\/users\/1"}],"replies":[{"embeddable":true,"href":"https:\/\/agromt.news\/index.php?rest_route=%2Fwp%2Fv2%2Fcomments&post=10357"}],"version-history":[{"count":0,"href":"https:\/\/agromt.news\/index.php?rest_route=\/wp\/v2\/posts\/10357\/revisions"}],"wp:featuredmedia":[{"embeddable":true,"href":"https:\/\/agromt.news\/index.php?rest_route=\/wp\/v2\/media\/3592"}],"wp:attachment":[{"href":"https:\/\/agromt.news\/index.php?rest_route=%2Fwp%2Fv2%2Fmedia&parent=10357"}],"wp:term":[{"taxonomy":"category","embeddable":true,"href":"https:\/\/agromt.news\/index.php?rest_route=%2Fwp%2Fv2%2Fcategories&post=10357"},{"taxonomy":"post_tag","embeddable":true,"href":"https:\/\/agromt.news\/index.php?rest_route=%2Fwp%2Fv2%2Ftags&post=10357"}],"curies":[{"name":"wp","href":"https:\/\/api.w.org\/{rel}","templated":true}]}}