{"id":10353,"date":"2025-03-01T15:01:55","date_gmt":"2025-03-01T19:01:55","guid":{"rendered":"https:\/\/agromt.news\/?p=10353"},"modified":"2025-03-01T15:01:55","modified_gmt":"2025-03-01T19:01:55","slug":"atraso-na-votacao-do-orcamento-ameaca-plano-safra-e-eleva-incertezas-no-agro","status":"publish","type":"post","link":"https:\/\/agromt.news\/?p=10353","title":{"rendered":"Atraso na vota\u00e7\u00e3o do Or\u00e7amento amea\u00e7a Plano Safra e eleva incertezas no agro"},"content":{"rendered":"<p> <br \/>\n<br \/><img decoding=\"async\" src=\"https:\/\/agromt.news\/wp-content\/uploads\/2025\/03\/Atraso-na-votacao-do-Orcamento-ameaca-Plano-Safra-e-eleva.jpg\" \/><\/p>\n<div>\n<p>O atraso na vota\u00e7\u00e3o do Or\u00e7amento de 2025 j\u00e1 afeta diversos setores da economia, e o agroneg\u00f3cio n\u00e3o \u00e9 exce\u00e7\u00e3o. Um dos primeiros reflexos foi o congelamento de linhas do Plano Safra, comprometendo ainda mais o financiamento da produ\u00e7\u00e3o rural. A indefini\u00e7\u00e3o no Congresso Nacional adiciona incerteza ao mercado e pode impactar diretamente investimentos, produtividade e pre\u00e7os dos alimentos.<\/p>\n<p>Segundo Carlos Dias, presidente do Instituto Democracia e Liberdade (IDL), o congelamento do cr\u00e9dito rural n\u00e3o decorre apenas do atraso na vota\u00e7\u00e3o do or\u00e7amento, mas tamb\u00e9m da falta de articula\u00e7\u00e3o pol\u00edtica do governo.<\/p>\n<h4 class=\"wp-block-heading\" id=\"h-o-papel-da-ldo-e-os-impactos-do-atraso\">O papel da LDO e os impactos do atraso<\/h4>\n<p>A Lei de Diretrizes Or\u00e7ament\u00e1rias (LDO) estabelece as regras b\u00e1sicas para a elabora\u00e7\u00e3o do or\u00e7amento p\u00fablico, definindo metas fiscais, prioridades de investimentos e limites para gastos do governo. Ela funciona como um guia para a Lei Or\u00e7ament\u00e1ria Anual (LOA), que detalha as receitas e despesas do ano seguinte.<\/p>\n<p>De acordo com Dias,  a indefini\u00e7\u00e3o prejudica diretamente a produ\u00e7\u00e3o rural e desestabiliza o setor. \u201cA incapacidade do governo em negociar e garantir apoio para a vota\u00e7\u00e3o do or\u00e7amento cria incerteza e compromete as pol\u00edticas de financiamento agr\u00edcola\u201d, destaca.<\/p>\n<h2 class=\"wp-block-heading\" id=\"h-riscos-para-a-economia\">Riscos para a economia<\/h2>\n<p>Al\u00e9m da falta de cr\u00e9dito, o especialista alerta para impactos mais amplos na economia. A inseguran\u00e7a financeira pode reduzir investimentos em tecnologia e infraestrutura, atrasando a moderniza\u00e7\u00e3o do agro e diminuindo a produtividade.<\/p>\n<\/div>\n<div>\n<p>\u201cOutros setores tamb\u00e9m sentem os efeitos da incerteza or\u00e7ament\u00e1ria, pois a falta de previsibilidade reduz investimentos e pode levar a um crescimento econ\u00f4mico mais lento\u201d, afirma.<\/p>\n<p>O governo tem ressaltado a necessidade de baratear os alimentos, mas, segundo o especialista, a restri\u00e7\u00e3o ao financiamento agr\u00edcola pode ter o efeito oposto. Com menos cr\u00e9dito dispon\u00edvel, a produ\u00e7\u00e3o tende a diminuir, reduzindo a oferta de produtos agropecu\u00e1rios e pressionando os pre\u00e7os para cima.<\/p>\n<p>\u201cCaso o objetivo seja realmente reduzir os pre\u00e7os dos alimentos, a limita\u00e7\u00e3o do financiamento agr\u00edcola se torna uma contradi\u00e7\u00e3o\u201d, avalia.<\/p>\n<h2 class=\"wp-block-heading\" id=\"h-solucoes-praticas\">Solu\u00e7\u00f5es pr\u00e1ticas<\/h2>\n<p>Para minimizar os efeitos do atraso or\u00e7ament\u00e1rio no <a href=\"https:\/\/www.canalrural.com.br\/tag\/agronegocio\/\">agroneg\u00f3cio<\/a>, Dias sugere medidas emergenciais, como a libera\u00e7\u00e3o de recursos provis\u00f3rios para manter atividades essenciais do Plano Safra.<\/p>\n<p>Ele tamb\u00e9m defende o fortalecimento da integra\u00e7\u00e3o entre produtores, ind\u00fastrias e o mercado, promovendo a verticaliza\u00e7\u00e3o da produ\u00e7\u00e3o e melhorando a comercializa\u00e7\u00e3o e o escoamento dos produtos.<\/p>\n<p>\u201cUma solu\u00e7\u00e3o estrutural seria estabelecer um limite percentual de endividamento do governo em rela\u00e7\u00e3o ao PIB, garantindo maior previsibilidade fiscal\u201d, conclui.<\/p>\n<\/p><\/div>\n<p><br \/>\n<br \/><a href=\"https:\/\/www.canalrural.com.br\/economia\/atraso-na-votacao-do-orcamento-ameaca-plano-safra-e-eleva-incertezas-no-agro\/\">Source link <\/a><\/p>\n","protected":false},"excerpt":{"rendered":"<p>O atraso na vota\u00e7\u00e3o do Or\u00e7amento de 2025 j\u00e1 afeta diversos setores da economia, e o agroneg\u00f3cio n\u00e3o \u00e9 exce\u00e7\u00e3o.<\/p>\n","protected":false},"author":1,"featured_media":10354,"comment_status":"open","ping_status":"open","sticky":false,"template":"","format":"standard","meta":{"_monsterinsights_skip_tracking":false,"_monsterinsights_sitenote_active":false,"_monsterinsights_sitenote_note":"","_monsterinsights_sitenote_category":0,"_uf_show_specific_survey":0,"_uf_disable_surveys":false,"footnotes":""},"categories":[1],"tags":[],"class_list":["post-10353","post","type-post","status-publish","format-standard","has-post-thumbnail","hentry","category-news"],"_links":{"self":[{"href":"https:\/\/agromt.news\/index.php?rest_route=\/wp\/v2\/posts\/10353"}],"collection":[{"href":"https:\/\/agromt.news\/index.php?rest_route=\/wp\/v2\/posts"}],"about":[{"href":"https:\/\/agromt.news\/index.php?rest_route=\/wp\/v2\/types\/post"}],"author":[{"embeddable":true,"href":"https:\/\/agromt.news\/index.php?rest_route=\/wp\/v2\/users\/1"}],"replies":[{"embeddable":true,"href":"https:\/\/agromt.news\/index.php?rest_route=%2Fwp%2Fv2%2Fcomments&post=10353"}],"version-history":[{"count":0,"href":"https:\/\/agromt.news\/index.php?rest_route=\/wp\/v2\/posts\/10353\/revisions"}],"wp:featuredmedia":[{"embeddable":true,"href":"https:\/\/agromt.news\/index.php?rest_route=\/wp\/v2\/media\/10354"}],"wp:attachment":[{"href":"https:\/\/agromt.news\/index.php?rest_route=%2Fwp%2Fv2%2Fmedia&parent=10353"}],"wp:term":[{"taxonomy":"category","embeddable":true,"href":"https:\/\/agromt.news\/index.php?rest_route=%2Fwp%2Fv2%2Fcategories&post=10353"},{"taxonomy":"post_tag","embeddable":true,"href":"https:\/\/agromt.news\/index.php?rest_route=%2Fwp%2Fv2%2Ftags&post=10353"}],"curies":[{"name":"wp","href":"https:\/\/api.w.org\/{rel}","templated":true}]}}