{"id":10348,"date":"2025-03-01T12:15:56","date_gmt":"2025-03-01T16:15:56","guid":{"rendered":"https:\/\/agromt.news\/?p=10348"},"modified":"2025-03-01T12:15:56","modified_gmt":"2025-03-01T16:15:56","slug":"colheita-da-noz-peca-comeca-com-expectativas-mistas","status":"publish","type":"post","link":"https:\/\/agromt.news\/?p=10348","title":{"rendered":"Colheita da noz-pec\u00e3 come\u00e7a com expectativas mistas"},"content":{"rendered":"<p> <br \/>\n<\/p>\n<div>\n<div class=\"row\">\n<div class=\"col-lg col-infos mt-3 mt-lg-0\">\n<div class=\"section-sub-title\">\n<p itemprop=\"description\">&#13;<br \/>\n                                Noz-pec\u00e3 tem boas perspectivas, mas clima preocupa produtores&#13;\n                            <\/p>\n<\/p><\/div>\n<div class=\"container\">\n<div class=\"row\">\n<div class=\"col-lg p-0\">\n<div>\n<div class=\"block-news-main-infos mt-3 text-start\">\n<p>                                            <strong class=\"fn\" itemprop=\"author\" style=\"color: rgb(112, 112, 112); \">&#13;<br \/>\n                                                <a href=\"https:\/\/www.agrolink.com.br\/noticias\/javascript:;\" class=\"text-uppercase\" target=\"_blank\" style=\"color: rgb(112, 112, 112); \" rel=\"noopener\">Agrolink<\/a>&#13;<br \/>\n&#13;<br \/>\n                                                    &#8211; Seane Lennon&#13;<br \/>\n&#13;<br \/>\n                                            <\/strong><br \/>\n                                        <\/p>\n<p>                                            <abbr><time datetime=\"2025-02-28T19:08\" itemprop=\"datePublished dateModified\">Publicado em 28\/02\/2025 \u00e0s 19:08h.<\/time><\/abbr><br \/>\n                                            <\/p><\/div>\n<\/p><\/div>\n<\/p><\/div>\n<div class=\"col-lg p-0 text-lg-end\">\n<div>\n<div id=\"mdEnviarPagina\" class=\"modal fade\" role=\"dialog\">\n<div class=\"modal-dialog\">\n<div class=\"modal-content\">\n<div class=\"modal-body\">\n<p><strong>Estimado usu\u00e1rio.<\/strong><br \/>Preencha o formul\u00e1rio abaixo para remeter a p\u00e1gina.<\/p>\n<\/p><\/div>\n<\/p><\/div>\n<\/p><\/div>\n<\/div><\/div>\n<\/p><\/div>\n<\/p><\/div>\n<\/p><\/div>\n<\/p><\/div>\n<\/p><\/div>\n<div class=\"row justify-content-md-center mt-3\">\n<div class=\"col-lg-auto col-image block-news-main-image\">\n<p>                                <img decoding=\"async\" src=\"https:\/\/www.agrolink.com.br\/upload\/imagens-resizes\/2bdfcdf26e574bb8a7fb412dfe1087b0_858x483.jpg\" class=\"lazyload img-fluid\"\/><br \/>\n                                                <span class=\"publicity-photo d-block mt-1\">Foto: Pixabay<\/span><\/p><\/div>\n<\/p><\/div>\n<div class=\"section-description section-description-noticias mt-3\">\n<p style=\"text-align:justify\">O mais recente boletim conjuntural da Emater\/RS-Ascar, divulgado nesta quinta-feira (27), revelou cen\u00e1rios distintos para a produ\u00e7\u00e3o de noz-pec\u00e3 no Rio Grande do Sul. Enquanto algumas regi\u00f5es apresentam boa frutifica\u00e7\u00e3o, outras registram expectativas frustrantes para a safra.&#13;\n<\/p>\n<p style=\"text-align:justify\">Na regi\u00e3o de Pelotas, em Turu\u00e7u, os produtores enfrentam baixa produtividade na primeira colheita comercial, frustrando as proje\u00e7\u00f5es iniciais. J\u00e1 na regi\u00e3o de Santa Rosa, os pomares est\u00e3o em fase de frutifica\u00e7\u00e3o e demonstram bom desenvolvimento.<\/p>\n<p style=\"text-align:justify\">Em Erechim, a colheita come\u00e7ou e h\u00e1 forte demanda dos setores de panifica\u00e7\u00e3o e agroind\u00fastria. A produ\u00e7\u00e3o deve superar os n\u00fameros de 2024. Em Soledade, a cultura est\u00e1 na fase de forma\u00e7\u00e3o da am\u00eandoa, e apesar da falta de chuvas em janeiro e fevereiro, que causou queda de frutos, a situa\u00e7\u00e3o j\u00e1 se estabilizou. As chuvas recentes ajudaram no enchimento das am\u00eandoas e a sanidade dos pomares \u00e9 considerada satisfat\u00f3ria.&#13;\n<\/p>\n<p style=\"text-align:justify\">Com a demanda em alta e produ\u00e7\u00e3o variada, o setor segue atento \u00e0s condi\u00e7\u00f5es clim\u00e1ticas e \u00e0 qualidade dos frutos para garantir o abastecimento do mercado.<\/p>\n<\/p><\/div>\n<\/p><\/div>\n<p><script data-cfasync=\"false\">\n    !function (f, b, e, v, n, t, s) {\n        if (f.fbq) return; n = f.fbq = function () {\n            n.callMethod ?\n                n.callMethod.apply(n, arguments) : n.queue.push(arguments)\n        };\n        if (!f._fbq) f._fbq = n; n.push = n; n.loaded = !0; n.version = '2.0';\n        n.queue = []; t = b.createElement(e); t.async = !0;\n        t.src = v; s = b.getElementsByTagName(e)[0];\n        s.parentNode.insertBefore(t, s)\n    }(window, document, 'script',\n        'https:\/\/connect.facebook.net\/en_US\/fbevents.js');\n    fbq('init', '522546078623747');\n    fbq('track', 'PageView');\n<\/script><br \/>\n<br \/><br \/>\n<br \/><a href=\"https:\/\/www.agrolink.com.br\/noticias\/colheita-da-noz-peca-comeca-com-expectativas-mistas_499799.html\">Source link <\/a><\/p>\n","protected":false},"excerpt":{"rendered":"<p>&#13; Noz-pec\u00e3 tem boas perspectivas, mas clima preocupa produtores&#13; &#13; Agrolink&#13; &#13; &#8211; Seane Lennon&#13; &#13; Publicado em 28\/02\/2025 \u00e0s<\/p>\n","protected":false},"author":1,"featured_media":10349,"comment_status":"open","ping_status":"open","sticky":false,"template":"","format":"standard","meta":{"_monsterinsights_skip_tracking":false,"_monsterinsights_sitenote_active":false,"_monsterinsights_sitenote_note":"","_monsterinsights_sitenote_category":0,"_uf_show_specific_survey":0,"_uf_disable_surveys":false,"footnotes":""},"categories":[8,1,14],"tags":[],"class_list":["post-10348","post","type-post","status-publish","format-standard","has-post-thumbnail","hentry","category-agro","category-news","category-politica-agro"],"_links":{"self":[{"href":"https:\/\/agromt.news\/index.php?rest_route=\/wp\/v2\/posts\/10348"}],"collection":[{"href":"https:\/\/agromt.news\/index.php?rest_route=\/wp\/v2\/posts"}],"about":[{"href":"https:\/\/agromt.news\/index.php?rest_route=\/wp\/v2\/types\/post"}],"author":[{"embeddable":true,"href":"https:\/\/agromt.news\/index.php?rest_route=\/wp\/v2\/users\/1"}],"replies":[{"embeddable":true,"href":"https:\/\/agromt.news\/index.php?rest_route=%2Fwp%2Fv2%2Fcomments&post=10348"}],"version-history":[{"count":0,"href":"https:\/\/agromt.news\/index.php?rest_route=\/wp\/v2\/posts\/10348\/revisions"}],"wp:featuredmedia":[{"embeddable":true,"href":"https:\/\/agromt.news\/index.php?rest_route=\/wp\/v2\/media\/10349"}],"wp:attachment":[{"href":"https:\/\/agromt.news\/index.php?rest_route=%2Fwp%2Fv2%2Fmedia&parent=10348"}],"wp:term":[{"taxonomy":"category","embeddable":true,"href":"https:\/\/agromt.news\/index.php?rest_route=%2Fwp%2Fv2%2Fcategories&post=10348"},{"taxonomy":"post_tag","embeddable":true,"href":"https:\/\/agromt.news\/index.php?rest_route=%2Fwp%2Fv2%2Ftags&post=10348"}],"curies":[{"name":"wp","href":"https:\/\/api.w.org\/{rel}","templated":true}]}}