{"id":10341,"date":"2025-03-01T09:17:55","date_gmt":"2025-03-01T13:17:55","guid":{"rendered":"https:\/\/agromt.news\/?p=10341"},"modified":"2025-03-01T09:17:55","modified_gmt":"2025-03-01T13:17:55","slug":"cotacoes-mistas-mas-com-pequenas-mudancas-encerram-esta-segunda-feira-17","status":"publish","type":"post","link":"https:\/\/agromt.news\/?p=10341","title":{"rendered":"Cota\u00e7\u00f5es mistas, mas com pequenas mudan\u00e7as, encerram esta segunda-feira (17)&#8230;"},"content":{"rendered":"<p> <br \/>\n<\/p>\n<div>\n<div class=\"materia\">\n<p><img decoding=\"async\" alt=\"Logotipo Not&#xED;cias Agr&#xED;colas\" height=\"21\" src=\"https:\/\/cdn.noticiasagricolas.com.br\/dbimagens\/e12363a00741f9cc7caf23469101a4aa.png\" width=\"106\"\/><\/p>\n<p>Esta segunda-feira (17) terminou com cota\u00e7\u00f5es mistas para o mercado do frango, mas mudan\u00e7as sutis nos pre\u00e7os. De acordo com dados do Cepea, o mercado de carne de frango est\u00e1 mais aquecido nesta primeira quinzena de fevereiro em S\u00e3o Paulo. Segundo pesquisadores do \u00f3rg\u00e3o, al\u00e9m da maior procura t\u00edpica neste per\u00edodo \u2013 por conta do recebimento dos sal\u00e1rios por parte da popula\u00e7\u00e3o \u2013, a oferta est\u00e1 controlada, cen\u00e1rio que eleva os valores da prote\u00edna av\u00edcola negociada no atacado da Grande S\u00e3o Paulo.<\/p>\n<p>De acordo com a Scot Consultoria, o valor do frango na granja em S\u00e3o Paulo subiu 1,85%, custando, em m\u00e9dia, R$ 5,50\/kg, enquanto a ave no atacado cedeu 0,37%, custando, em m\u00e9dia, R$ 8,00\/kg.<\/p>\n<p>No caso do animal vivo, o pre\u00e7o ficou est\u00e1vel no Paran\u00e1, com valor de R$ 4,65\/kg, assim como em Santa Catarina, com pre\u00e7o de R$ 4,61\/kg.<\/p>\n<p>Conforme informa\u00e7\u00f5es do Cepea\/Esalq,Vivo, referentes \u00e0 sexta-feira (14), tanto a ave congelada quanto o frango resfriado ficaram com pre\u00e7os est\u00e1veis, custando, respectivamente, R$ 8,41\/kg e R$8,40\/kg.<\/p>\n<\/p><\/div>\n<div class=\"grupo-whatsapp\">\n      J\u00e1 segue nosso Canal oficial no WhatsApp? <a href=\"https:\/\/bit.ly\/Canal_NA\" target=\"_blank\" rel=\"noopener\"><strong>Clique Aqui<\/strong><\/a> para receber em primeira m\u00e3o as principais not\u00edcias do agroneg\u00f3cio\n    <\/div>\n<div class=\"fonte\">\n<p>Fonte:<\/p>\n<p>                  <span>Not\u00edcias Agr\u00edcolas<\/span>\n              <\/div>\n<\/p><\/div>\n<p><script async defer src=\"https:\/\/connect.facebook.net\/en_US\/sdk.js\" type=\"2099deb69acfcaf4a49e8c57-text\/javascript\"><\/script><script type=\"2099deb69acfcaf4a49e8c57-text\/javascript\">\n  !function(f,b,e,v,n,t,s)\n  {if(f.fbq)return;n=f.fbq=function(){n.callMethod?\n    n.callMethod.apply(n,arguments):n.queue.push(arguments)};\n    if(!f._fbq)f._fbq=n;n.push=n;n.loaded=!0;n.version='2.0';\n    n.queue=[];t=b.createElement(e);t.async=!0;\n    t.src=v;s=b.getElementsByTagName(e)[0];\n    s.parentNode.insertBefore(t,s)}(window, document,'script',\n    'https:\/\/connect.facebook.net\/en_US\/fbevents.js');\n  fbq('init', '153495679422335');\n  fbq('track', 'PageView');\n<\/script><br \/>\n<br \/><br \/>\n<br \/><a href=\"https:\/\/www.noticiasagricolas.com.br\/noticias\/granjeiros\/394578-cotacoes-mistas-mas-com-pequenas-mudancas-encerram-esta-segunda-feira-17-para-o-mercado-do-frango.html\">Source link <\/a><\/p>\n","protected":false},"excerpt":{"rendered":"<p>Esta segunda-feira (17) terminou com cota\u00e7\u00f5es mistas para o mercado do frango, mas mudan\u00e7as sutis nos pre\u00e7os. De acordo com<\/p>\n","protected":false},"author":1,"featured_media":10342,"comment_status":"open","ping_status":"open","sticky":false,"template":"","format":"standard","meta":{"_monsterinsights_skip_tracking":false,"_monsterinsights_sitenote_active":false,"_monsterinsights_sitenote_note":"","_monsterinsights_sitenote_category":0,"_uf_show_specific_survey":0,"_uf_disable_surveys":false,"footnotes":""},"categories":[8,1,14,16],"tags":[],"class_list":["post-10341","post","type-post","status-publish","format-standard","has-post-thumbnail","hentry","category-agro","category-news","category-politica-agro","category-safra"],"_links":{"self":[{"href":"https:\/\/agromt.news\/index.php?rest_route=\/wp\/v2\/posts\/10341"}],"collection":[{"href":"https:\/\/agromt.news\/index.php?rest_route=\/wp\/v2\/posts"}],"about":[{"href":"https:\/\/agromt.news\/index.php?rest_route=\/wp\/v2\/types\/post"}],"author":[{"embeddable":true,"href":"https:\/\/agromt.news\/index.php?rest_route=\/wp\/v2\/users\/1"}],"replies":[{"embeddable":true,"href":"https:\/\/agromt.news\/index.php?rest_route=%2Fwp%2Fv2%2Fcomments&post=10341"}],"version-history":[{"count":0,"href":"https:\/\/agromt.news\/index.php?rest_route=\/wp\/v2\/posts\/10341\/revisions"}],"wp:featuredmedia":[{"embeddable":true,"href":"https:\/\/agromt.news\/index.php?rest_route=\/wp\/v2\/media\/10342"}],"wp:attachment":[{"href":"https:\/\/agromt.news\/index.php?rest_route=%2Fwp%2Fv2%2Fmedia&parent=10341"}],"wp:term":[{"taxonomy":"category","embeddable":true,"href":"https:\/\/agromt.news\/index.php?rest_route=%2Fwp%2Fv2%2Fcategories&post=10341"},{"taxonomy":"post_tag","embeddable":true,"href":"https:\/\/agromt.news\/index.php?rest_route=%2Fwp%2Fv2%2Ftags&post=10341"}],"curies":[{"name":"wp","href":"https:\/\/api.w.org\/{rel}","templated":true}]}}