{"id":1034,"date":"2024-09-02T14:02:49","date_gmt":"2024-09-02T18:02:49","guid":{"rendered":"https:\/\/agromt.news\/?p=1034"},"modified":"2024-09-02T14:02:49","modified_gmt":"2024-09-02T18:02:49","slug":"demanda-firme-e-recuo-dos-negocios-mantem-precos-em-alta","status":"publish","type":"post","link":"https:\/\/agromt.news\/?p=1034","title":{"rendered":"demanda firme e recuo dos neg\u00f3cios mant\u00eam pre\u00e7os em alta"},"content":{"rendered":"<p> <br \/>\n<br \/><img decoding=\"async\" src=\"https:\/\/agromt.news\/wp-content\/uploads\/2024\/09\/demanda-firme-e-recuo-dos-negocios-mantem-precos-em-alta.jpeg\" \/><\/p>\n<div>\n<p>Os pre\u00e7os da soja continuam em alta no mercado brasileiro. Segundo pesquisadores do <strong><a href=\"https:\/\/www.canalrural.com.br\/tag\/cepea\/\">Cepea<\/a><\/strong>, al\u00e9m da maior demanda da China e da valoriza\u00e7\u00e3o externa, parte dos sojicultores dom\u00e9sticos segue resistente em negociar o remanescente da safra 2023\/24, voltando as aten\u00e7\u00f5es ao clima para in\u00edcio da semeadura da nova temporada.<\/p>\n<p>A umidade est\u00e1 baixa nas principais regi\u00f5es brasileiras e n\u00e3o h\u00e1 previs\u00e3o de chuva no curto prazo, cen\u00e1rio que pode retardar o in\u00edcio das atividades envolvendo a safra 2024\/25, ainda conforme pesquisadores do Cepea. <\/p>\n<p><em>Confira na palma da m\u00e3o informa\u00e7\u00f5es quentes sobre agricultura, pecu\u00e1ria, economia e previs\u00e3o do tempo:<\/em><a href=\"https:\/\/www.whatsapp.com\/channel\/0029Va9VnZxGk1FplZjiW43k\"><em> <\/em><strong>siga o Canal Rural no WhatsApp<\/strong><\/a>!<\/p>\n<\/div>\n<div>\n<p>Na m\u00e9dia de agosto (at\u00e9 o dia 29), por outro lado, a soja estava no menor patamar desde abril deste ano, em termos reais (os valores foram deflacionados pelo IGP-DI de julho\/24).<\/p>\n<p>A m\u00e9dia atual do Indicador Esalq\/BM&amp;FBovespa \u2013 Paranagu\u00e1 \u00e9 de R$ 132,98\/sc de 60 kg, 3,7% inferior \u00e0 de julho e 14% abaixo da de agosto\/23. O Indicador Cepa\/Esalq\u2013 Paran\u00e1 registra m\u00e9dia de R$ 129\/sc de 60 kg, quedas de 3,4% no comparativo mensal e de 11,4% no anual.<\/p>\n<\/div>\n<p><br \/>\n<br \/><a href=\"https:\/\/www.canalrural.com.br\/agricultura\/soja-demanda-firme-e-recuo-dos-negocios-mantem-precos-em-alta\/\">Source link <\/a><\/p>\n","protected":false},"excerpt":{"rendered":"<p>Os pre\u00e7os da soja continuam em alta no mercado brasileiro. Segundo pesquisadores do Cepea, al\u00e9m da maior demanda da China<\/p>\n","protected":false},"author":1,"featured_media":1035,"comment_status":"open","ping_status":"open","sticky":false,"template":"","format":"standard","meta":{"_monsterinsights_skip_tracking":false,"_monsterinsights_sitenote_active":false,"_monsterinsights_sitenote_note":"","_monsterinsights_sitenote_category":0,"_uf_show_specific_survey":0,"_uf_disable_surveys":false,"footnotes":""},"categories":[1],"tags":[],"class_list":["post-1034","post","type-post","status-publish","format-standard","has-post-thumbnail","hentry","category-news"],"_links":{"self":[{"href":"https:\/\/agromt.news\/index.php?rest_route=\/wp\/v2\/posts\/1034"}],"collection":[{"href":"https:\/\/agromt.news\/index.php?rest_route=\/wp\/v2\/posts"}],"about":[{"href":"https:\/\/agromt.news\/index.php?rest_route=\/wp\/v2\/types\/post"}],"author":[{"embeddable":true,"href":"https:\/\/agromt.news\/index.php?rest_route=\/wp\/v2\/users\/1"}],"replies":[{"embeddable":true,"href":"https:\/\/agromt.news\/index.php?rest_route=%2Fwp%2Fv2%2Fcomments&post=1034"}],"version-history":[{"count":0,"href":"https:\/\/agromt.news\/index.php?rest_route=\/wp\/v2\/posts\/1034\/revisions"}],"wp:featuredmedia":[{"embeddable":true,"href":"https:\/\/agromt.news\/index.php?rest_route=\/wp\/v2\/media\/1035"}],"wp:attachment":[{"href":"https:\/\/agromt.news\/index.php?rest_route=%2Fwp%2Fv2%2Fmedia&parent=1034"}],"wp:term":[{"taxonomy":"category","embeddable":true,"href":"https:\/\/agromt.news\/index.php?rest_route=%2Fwp%2Fv2%2Fcategories&post=1034"},{"taxonomy":"post_tag","embeddable":true,"href":"https:\/\/agromt.news\/index.php?rest_route=%2Fwp%2Fv2%2Ftags&post=1034"}],"curies":[{"name":"wp","href":"https:\/\/api.w.org\/{rel}","templated":true}]}}