{"id":10337,"date":"2025-03-01T06:17:24","date_gmt":"2025-03-01T10:17:24","guid":{"rendered":"https:\/\/agromt.news\/?p=10337"},"modified":"2025-03-01T06:17:24","modified_gmt":"2025-03-01T10:17:24","slug":"demanda-interna-impulsiona-alta-do-milho-na-b3","status":"publish","type":"post","link":"https:\/\/agromt.news\/?p=10337","title":{"rendered":"Demanda interna impulsiona alta do milho na B3"},"content":{"rendered":"<p> <br \/>\n<\/p>\n<div>\n<div class=\"row\">\n<div class=\"col-lg col-infos mt-3 mt-lg-0\">\n<div class=\"section-sub-title\">\n<p itemprop=\"description\">&#13;<br \/>\n                                O  milho na CBOT registrou sua quinta sess\u00e3o consecutiva de queda&#13;\n                            <\/p>\n<\/p><\/div>\n<div class=\"container\">\n<div class=\"row\">\n<div class=\"col-lg p-0\">\n<div>\n<div class=\"block-news-main-infos mt-3 text-start\">\n<p>                                            <strong class=\"fn\" itemprop=\"author\" style=\"color: rgb(112, 112, 112); \">&#13;<br \/>\n                                                <a href=\"https:\/\/www.agrolink.com.br\/noticias\/javascript:;\" class=\"text-uppercase\" target=\"_blank\" style=\"color: rgb(112, 112, 112); \" rel=\"noopener\">Agrolink<\/a>&#13;<br \/>\n&#13;<br \/>\n                                                    &#8211; Leonardo Gottems&#13;<br \/>\n&#13;<br \/>\n                                            <\/strong><br \/>\n                                        <\/p>\n<p>                                            <abbr><time datetime=\"2025-02-28T09:05\" itemprop=\"datePublished dateModified\">Publicado em 28\/02\/2025 \u00e0s 09:05h.<\/time><\/abbr><br \/>\n                                            <\/p><\/div>\n<\/p><\/div>\n<\/p><\/div>\n<div class=\"col-lg p-0 text-lg-end\">\n<div>\n<div id=\"mdEnviarPagina\" class=\"modal fade\" role=\"dialog\">\n<div class=\"modal-dialog\">\n<div class=\"modal-content\">\n<div class=\"modal-body\">\n<p><strong>Estimado usu\u00e1rio.<\/strong><br \/>Preencha o formul\u00e1rio abaixo para remeter a p\u00e1gina.<\/p>\n<\/p><\/div>\n<\/p><\/div>\n<\/p><\/div>\n<\/div><\/div>\n<\/p><\/div>\n<\/p><\/div>\n<\/p><\/div>\n<\/p><\/div>\n<\/p><\/div>\n<div class=\"row justify-content-md-center mt-3\">\n<div class=\"col-lg-auto col-image block-news-main-image\">\n<p>                                <img decoding=\"async\" src=\"https:\/\/www.agrolink.com.br\/upload\/imagens-resizes\/35b785e1f5924e78b186ba69fa61b262_858x483.jpg\" class=\"lazyload img-fluid\" alt=\"Nos contratos futuros da B3, o vencimento para mar\u00e7o de 2025 fechou a R$ 86,83,\"\/><br \/>\n                                                <span class=\"d-block mt-1\">Nos contratos futuros da B3, o vencimento para mar\u00e7o de 2025 fechou a R$ 86,83, &#8211; Foto: AgResource<\/span><\/p><\/div>\n<\/p><\/div>\n<div class=\"section-description section-description-noticias mt-3\">\n<p>O milho negociado na B3 encerrou o dia em alta nesta quinta-feira (27), descolando-se da tend\u00eancia de queda observada na Bolsa de Chicago (CBOT), de acordo com informa\u00e7\u00f5es da TF Agroecon\u00f4mica. A forte demanda interna, especialmente impulsionada pela produ\u00e7\u00e3o de etanol, tem sustentado os pre\u00e7os no mercado f\u00edsico e na bolsa, mesmo em um per\u00edodo que tradicionalmente apresentaria recuo. Al\u00e9m disso, a valoriza\u00e7\u00e3o do d\u00f3lar compensou a baixa externa, favorecendo as cota\u00e7\u00f5es brasileiras.&#13;\n<\/p>\n<p>Nos contratos futuros da B3, o vencimento para mar\u00e7o de 2025 fechou a R$ 86,83, com alta di\u00e1ria de R$ 0,47 e avan\u00e7o de R$ 4,11 na semana. J\u00e1 o contrato para maio de 2025 subiu R$ 0,41 no dia, encerrando a R$ 82,61, enquanto julho de 2025 teve um leve acr\u00e9scimo de R$ 0,01, fechando a R$ 74,17. A dificuldade log\u00edstica e a menor disponibilidade de gr\u00e3os no mercado f\u00edsico tamb\u00e9m contribuem para essa valoriza\u00e7\u00e3o.<\/p>\n<p>Em contraste, o milho na CBOT registrou sua quinta sess\u00e3o consecutiva de queda. O contrato de mar\u00e7o fechou em baixa de 2,82%, cotado a US$ 4,64 por bushel, enquanto o vencimento para maio caiu 2,53%, encerrando a US$ 4,81 por bushel. A press\u00e3o negativa veio de fatores como a declara\u00e7\u00e3o do ex-presidente Donald Trump sobre a imposi\u00e7\u00e3o antecipada de tarifas comerciais e a divulga\u00e7\u00e3o de dados pelo USDA, que apontaram uma redu\u00e7\u00e3o de 45% nas exporta\u00e7\u00f5es semanais do cereal.&#13;\n<\/p>\n<p>A combina\u00e7\u00e3o desses fatores demonstra um cen\u00e1rio de diverg\u00eancia entre os mercados interno e externo. Enquanto o milho brasileiro se mant\u00e9m valorizado pela demanda interna e pela alta do d\u00f3lar, a Bolsa de Chicago segue pressionada por incertezas comerciais e queda nas exporta\u00e7\u00f5es.<br \/>&#13;<br \/>\n\u00a0<\/p>\n<\/p><\/div>\n<\/p><\/div>\n<p><script data-cfasync=\"false\">\n    !function (f, b, e, v, n, t, s) {\n        if (f.fbq) return; n = f.fbq = function () {\n            n.callMethod ?\n                n.callMethod.apply(n, arguments) : n.queue.push(arguments)\n        };\n        if (!f._fbq) f._fbq = n; n.push = n; n.loaded = !0; n.version = '2.0';\n        n.queue = []; t = b.createElement(e); t.async = !0;\n        t.src = v; s = b.getElementsByTagName(e)[0];\n        s.parentNode.insertBefore(t, s)\n    }(window, document, 'script',\n        'https:\/\/connect.facebook.net\/en_US\/fbevents.js');\n    fbq('init', '522546078623747');\n    fbq('track', 'PageView');\n<\/script><br \/>\n<br \/><br \/>\n<br \/><a href=\"https:\/\/www.agrolink.com.br\/noticias\/demanda-interna-impulsiona-alta-do-milho-na-b3_499773.html\">Source link <\/a><\/p>\n","protected":false},"excerpt":{"rendered":"<p>&#13; O milho na CBOT registrou sua quinta sess\u00e3o consecutiva de queda&#13; &#13; Agrolink&#13; &#13; &#8211; Leonardo Gottems&#13; &#13; Publicado<\/p>\n","protected":false},"author":1,"featured_media":2185,"comment_status":"open","ping_status":"open","sticky":false,"template":"","format":"standard","meta":{"_monsterinsights_skip_tracking":false,"_monsterinsights_sitenote_active":false,"_monsterinsights_sitenote_note":"","_monsterinsights_sitenote_category":0,"_uf_show_specific_survey":0,"_uf_disable_surveys":false,"footnotes":""},"categories":[8,1,14],"tags":[],"class_list":["post-10337","post","type-post","status-publish","format-standard","has-post-thumbnail","hentry","category-agro","category-news","category-politica-agro"],"_links":{"self":[{"href":"https:\/\/agromt.news\/index.php?rest_route=\/wp\/v2\/posts\/10337"}],"collection":[{"href":"https:\/\/agromt.news\/index.php?rest_route=\/wp\/v2\/posts"}],"about":[{"href":"https:\/\/agromt.news\/index.php?rest_route=\/wp\/v2\/types\/post"}],"author":[{"embeddable":true,"href":"https:\/\/agromt.news\/index.php?rest_route=\/wp\/v2\/users\/1"}],"replies":[{"embeddable":true,"href":"https:\/\/agromt.news\/index.php?rest_route=%2Fwp%2Fv2%2Fcomments&post=10337"}],"version-history":[{"count":0,"href":"https:\/\/agromt.news\/index.php?rest_route=\/wp\/v2\/posts\/10337\/revisions"}],"wp:featuredmedia":[{"embeddable":true,"href":"https:\/\/agromt.news\/index.php?rest_route=\/wp\/v2\/media\/2185"}],"wp:attachment":[{"href":"https:\/\/agromt.news\/index.php?rest_route=%2Fwp%2Fv2%2Fmedia&parent=10337"}],"wp:term":[{"taxonomy":"category","embeddable":true,"href":"https:\/\/agromt.news\/index.php?rest_route=%2Fwp%2Fv2%2Fcategories&post=10337"},{"taxonomy":"post_tag","embeddable":true,"href":"https:\/\/agromt.news\/index.php?rest_route=%2Fwp%2Fv2%2Ftags&post=10337"}],"curies":[{"name":"wp","href":"https:\/\/api.w.org\/{rel}","templated":true}]}}