{"id":10334,"date":"2025-03-01T01:51:29","date_gmt":"2025-03-01T05:51:29","guid":{"rendered":"https:\/\/agromt.news\/?p=10334"},"modified":"2025-03-01T01:51:29","modified_gmt":"2025-03-01T05:51:29","slug":"milho-tem-forte-valorizacao-no-brasil-com-baixa-disponibilidade-no-mercado","status":"publish","type":"post","link":"https:\/\/agromt.news\/?p=10334","title":{"rendered":"Milho tem forte valoriza\u00e7\u00e3o no Brasil com baixa disponibilidade no mercado"},"content":{"rendered":"<p> <br \/>\n<\/p>\n<div>\n<p style=\"text-align:justify\">Os pre\u00e7os do <a href=\"https:\/\/www.agrolink.com.br\/culturas\/milho?utm_source=agrolink-detalhe-noticia&amp;utm_medium=detalhe-noticia&amp;utm_campaign=links-internos&#9;\" target=\"_blank\" rel=\"noopener\">milho<\/a> seguem firmes no Brasil, impulsionados pela menor oferta no mercado e pelo aumento da demanda. No Rio Grande do Sul, a saca fechou a semana em R$ 67,69, enquanto nas principais regi\u00f5es produtoras os valores oscilaram entre R$ 66,00 e R$ 86,00.&#13;\n<\/p>\n<p style=\"text-align:justify\">Na B3, os contratos futuros atingiram patamares hist\u00f3ricos, com o vencimento de mar\u00e7o\/25 negociado entre R$ 73,15 e R$ 83,70. A valoriza\u00e7\u00e3o \u00e9 reflexo da rela\u00e7\u00e3o estoque\/consumo apertada. Segundo a Conab, essa rela\u00e7\u00e3o estava em 2,5% em janeiro, o menor n\u00edvel j\u00e1 registrado no pa\u00eds.<\/p>\n<p style=\"text-align:justify\">A retra\u00e7\u00e3o dos vendedores tem sido um dos principais fatores de sustenta\u00e7\u00e3o dos pre\u00e7os. Com a expectativa de novas valoriza\u00e7\u00f5es, muitos produtores optaram por segurar as vendas. Enquanto isso, compradores enfrentam dificuldades para recompor seus estoques e se deparam com pre\u00e7os elevados.&#13;\n<\/p>\n<p style=\"text-align:justify\">A safra de milho segunda safra (safrinha) segue avan\u00e7ando, mas ainda com atrasos. No Centro-Sul, 64% da \u00e1rea j\u00e1 foi plantada, segundo a AgRural, enquanto a Conab aponta 53,6%. Em Mato Grosso, estado l\u00edder na produ\u00e7\u00e3o do cereal, o plantio alcan\u00e7ou 67,7%, mas segue 13,2 pontos percentuais atrasado, devido ao plantio tardio da soja e excesso de chuvas.<\/p>\n<p style=\"text-align:justify\">Nas exporta\u00e7\u00f5es, o Brasil embarcou 1,2 milh\u00e3o de toneladas de milho nos primeiros 15 dias \u00fateis de fevereiro, segundo a Secex. O volume est\u00e1 11,2% abaixo do registrado no mesmo per\u00edodo de 2024, mas ainda dentro das proje\u00e7\u00f5es da Anec, que estima exporta\u00e7\u00f5es totais de 1,29 milh\u00e3o de toneladas no m\u00eas.&#13;\n<\/p>\n<p style=\"text-align:justify\">A expectativa para os pr\u00f3ximos meses depender\u00e1 do desempenho da safrinha, que pode definir a oferta no segundo semestre. Caso as condi\u00e7\u00f5es clim\u00e1ticas favore\u00e7am a colheita, os pre\u00e7os podem perder for\u00e7a. No entanto, com estoques historicamente baixos, o milho segue com vi\u00e9s de alta no mercado dom\u00e9stico.<\/p>\n<\/p><\/div>\n<p><script data-cfasync=\"false\">\n    !function (f, b, e, v, n, t, s) {\n        if (f.fbq) return; n = f.fbq = function () {\n            n.callMethod ?\n                n.callMethod.apply(n, arguments) : n.queue.push(arguments)\n        };\n        if (!f._fbq) f._fbq = n; n.push = n; n.loaded = !0; n.version = '2.0';\n        n.queue = []; t = b.createElement(e); t.async = !0;\n        t.src = v; s = b.getElementsByTagName(e)[0];\n        s.parentNode.insertBefore(t, s)\n    }(window, document, 'script',\n        'https:\/\/connect.facebook.net\/en_US\/fbevents.js');\n    fbq('init', '522546078623747');\n    fbq('track', 'PageView');\n<\/script><br \/>\n<br \/><br \/>\n<br \/><a href=\"https:\/\/www.agrolink.com.br\/noticias\/milho-tem-forte-valorizacao-no-brasil-com-baixa-disponibilidade-no-mercado_499775.html\">Source link <\/a><\/p>\n","protected":false},"excerpt":{"rendered":"<p>Os pre\u00e7os do milho seguem firmes no Brasil, impulsionados pela menor oferta no mercado e pelo aumento da demanda. No<\/p>\n","protected":false},"author":1,"featured_media":3372,"comment_status":"open","ping_status":"open","sticky":false,"template":"","format":"standard","meta":{"_monsterinsights_skip_tracking":false,"_monsterinsights_sitenote_active":false,"_monsterinsights_sitenote_note":"","_monsterinsights_sitenote_category":0,"_uf_show_specific_survey":0,"_uf_disable_surveys":false,"footnotes":""},"categories":[8,1,14],"tags":[],"class_list":["post-10334","post","type-post","status-publish","format-standard","has-post-thumbnail","hentry","category-agro","category-news","category-politica-agro"],"_links":{"self":[{"href":"https:\/\/agromt.news\/index.php?rest_route=\/wp\/v2\/posts\/10334"}],"collection":[{"href":"https:\/\/agromt.news\/index.php?rest_route=\/wp\/v2\/posts"}],"about":[{"href":"https:\/\/agromt.news\/index.php?rest_route=\/wp\/v2\/types\/post"}],"author":[{"embeddable":true,"href":"https:\/\/agromt.news\/index.php?rest_route=\/wp\/v2\/users\/1"}],"replies":[{"embeddable":true,"href":"https:\/\/agromt.news\/index.php?rest_route=%2Fwp%2Fv2%2Fcomments&post=10334"}],"version-history":[{"count":0,"href":"https:\/\/agromt.news\/index.php?rest_route=\/wp\/v2\/posts\/10334\/revisions"}],"wp:featuredmedia":[{"embeddable":true,"href":"https:\/\/agromt.news\/index.php?rest_route=\/wp\/v2\/media\/3372"}],"wp:attachment":[{"href":"https:\/\/agromt.news\/index.php?rest_route=%2Fwp%2Fv2%2Fmedia&parent=10334"}],"wp:term":[{"taxonomy":"category","embeddable":true,"href":"https:\/\/agromt.news\/index.php?rest_route=%2Fwp%2Fv2%2Fcategories&post=10334"},{"taxonomy":"post_tag","embeddable":true,"href":"https:\/\/agromt.news\/index.php?rest_route=%2Fwp%2Fv2%2Ftags&post=10334"}],"curies":[{"name":"wp","href":"https:\/\/api.w.org\/{rel}","templated":true}]}}