{"id":10331,"date":"2025-02-28T21:46:32","date_gmt":"2025-03-01T01:46:32","guid":{"rendered":"https:\/\/agromt.news\/?p=10331"},"modified":"2025-02-28T21:46:32","modified_gmt":"2025-03-01T01:46:32","slug":"mercado-reage-a-novos-ataques-na-ucrania-e-clima-adverso-nos-eua","status":"publish","type":"post","link":"https:\/\/agromt.news\/?p=10331","title":{"rendered":"mercado reage a novos ataques na Ucr\u00e2nia e clima adverso nos EUA"},"content":{"rendered":"<p> <br \/>\n<\/p>\n<div>\n<div class=\"row\">\n<div class=\"col-lg col-infos mt-3 mt-lg-0\">\n<div class=\"section-sub-title\">\n<p itemprop=\"description\">&#13;<br \/>\n                                Chuvas excessivas no norte da Fran\u00e7a e na Alemanha prejudicaram a qualidade dos gr\u00e3os&#13;\n                            <\/p>\n<\/p><\/div>\n<div class=\"container\">\n<div class=\"row\">\n<div class=\"col-lg p-0\">\n<div>\n<div class=\"block-news-main-infos mt-3 text-start\">\n<p>                                            <strong class=\"fn\" itemprop=\"author\" style=\"color: rgb(112, 112, 112); \">&#13;<br \/>\n                                                <a href=\"https:\/\/www.agrolink.com.br\/noticias\/javascript:;\" class=\"text-uppercase\" target=\"_blank\" style=\"color: rgb(112, 112, 112); \" rel=\"noopener\">Agrolink<\/a>&#13;<br \/>\n&#13;<br \/>\n                                                    &#8211; Aline Merladete&#13;<br \/>\n&#13;<br \/>\n                                            <\/strong><br \/>\n                                        <\/p>\n<p>                                            <abbr><time datetime=\"2025-02-28T09:32\" itemprop=\"datePublished dateModified\">Publicado em 28\/02\/2025 \u00e0s 09:32h.<\/time><\/abbr><br \/>\n                                            <\/p><\/div>\n<\/p><\/div>\n<\/p><\/div>\n<div class=\"col-lg p-0 text-lg-end\">\n<div>\n<div id=\"mdEnviarPagina\" class=\"modal fade\" role=\"dialog\">\n<div class=\"modal-dialog\">\n<div class=\"modal-content\">\n<div class=\"modal-body\">\n<p><strong>Estimado usu\u00e1rio.<\/strong><br \/>Preencha o formul\u00e1rio abaixo para remeter a p\u00e1gina.<\/p>\n<\/p><\/div>\n<\/p><\/div>\n<\/p><\/div>\n<\/div><\/div>\n<\/p><\/div>\n<\/p><\/div>\n<\/p><\/div>\n<\/p><\/div>\n<\/p><\/div>\n<div class=\"row justify-content-md-center mt-3\">\n<div class=\"col-lg-auto col-image block-news-main-image\">\n<p>                                <img decoding=\"async\" src=\"https:\/\/www.agrolink.com.br\/upload\/imagens-resizes\/b6c1994d5b474b608e8ebc09ac3f4581_858x483.jpg\" class=\"lazyload img-fluid\"\/><br \/>\n                                                <span class=\"publicity-photo d-block mt-1\">Foto: Canva<\/span><\/p><\/div>\n<\/p><\/div>\n<div class=\"section-description section-description-noticias mt-3\">\n<p style=\"text-align:justify\">As condi\u00e7\u00f5es clim\u00e1ticas desfavor\u00e1veis na Europa impactam a safra de <a href=\"https:\/\/www.agrolink.com.br\/culturas\/trigo\/?utm_source=agrolink-detalhe-noticia&amp;utm_medium=detalhe-noticia&amp;utm_campaign=links-internos\" target=\"_blank\" rel=\"noopener\">trigo<\/a> e abrem espa\u00e7o para a R\u00fassia aumentar sua participa\u00e7\u00e3o no mercado global. Chuvas excessivas no norte da Fran\u00e7a e na Alemanha prejudicaram a qualidade dos gr\u00e3os, limitando a oferta de <a href=\"https:\/\/www.agrolink.com.br\/culturas\/trigo\/?utm_source=agrolink-detalhe-noticia&amp;utm_medium=detalhe-noticia&amp;utm_campaign=links-internos\" target=\"_blank\" rel=\"noopener\">trigo<\/a> para exporta\u00e7\u00e3o.\u00a0De acordo com analistas, a safra europeia pode sofrer uma redu\u00e7\u00e3o de at\u00e9 4 milh\u00f5es de toneladas em rela\u00e7\u00e3o ao projetado inicialmente. \u201cOs problemas clim\u00e1ticos na colheita fizeram com que parte do trigo perdesse qualidade para moagem e fosse direcionado \u00e0 alimenta\u00e7\u00e3o animal\u201d, explicou um consultor de mercado.&#13;\n<\/p>\n<p style=\"text-align:justify\">Enquanto isso, a R\u00fassia segue com uma safra robusta e pre\u00e7os competitivos. A produ\u00e7\u00e3o russa deve alcan\u00e7ar 91 milh\u00f5es de toneladas em 2024, consolidando o pa\u00eds como o maior exportador global. Recentemente, Moscou reduziu tarifas de exporta\u00e7\u00e3o para atrair mais compradores internacionais.&#13;\n<\/p>\n<p style=\"text-align:justify\">Os pre\u00e7os internacionais refletem esse cen\u00e1rio. O trigo europeu ganhou pr\u00eamio devido \u00e0 menor disponibilidade, enquanto o trigo russo mant\u00e9m cota\u00e7\u00f5es mais baixas e segue conquistando mercado no Norte da \u00c1frica e no Oriente M\u00e9dio.<\/p>\n<p style=\"text-align:justify\">Nos Estados Unidos, a produ\u00e7\u00e3o tamb\u00e9m sofreu com o clima seco, especialmente nas regi\u00f5es produtoras de trigo de primavera. O USDA revisou para baixo a estimativa da safra norte-americana, o que pode favorecer a valoriza\u00e7\u00e3o do trigo no m\u00e9dio prazo.<\/p>\n<p style=\"text-align:justify\">O cen\u00e1rio global segue vol\u00e1til, e os pr\u00f3ximos meses ser\u00e3o decisivos para os pre\u00e7os. Com menor oferta na Europa e produ\u00e7\u00e3o elevada na R\u00fassia, os importadores analisam oportunidades, enquanto produtores em diferentes pa\u00edses buscam estrat\u00e9gias para se manterem competitivos.&#13;\n<\/p>\n<\/p><\/div>\n<\/p><\/div>\n<p><script data-cfasync=\"false\">\n    !function (f, b, e, v, n, t, s) {\n        if (f.fbq) return; n = f.fbq = function () {\n            n.callMethod ?\n                n.callMethod.apply(n, arguments) : n.queue.push(arguments)\n        };\n        if (!f._fbq) f._fbq = n; n.push = n; n.loaded = !0; n.version = '2.0';\n        n.queue = []; t = b.createElement(e); t.async = !0;\n        t.src = v; s = b.getElementsByTagName(e)[0];\n        s.parentNode.insertBefore(t, s)\n    }(window, document, 'script',\n        'https:\/\/connect.facebook.net\/en_US\/fbevents.js');\n    fbq('init', '522546078623747');\n    fbq('track', 'PageView');\n<\/script><br \/>\n<br \/><br \/>\n<br \/><a href=\"https:\/\/www.agrolink.com.br\/noticias\/trigo--mercado-reage-a-novos-ataques-na-ucrania-e-clima-adverso-nos-eua_499777.html\">Source link <\/a><\/p>\n","protected":false},"excerpt":{"rendered":"<p>&#13; Chuvas excessivas no norte da Fran\u00e7a e na Alemanha prejudicaram a qualidade dos gr\u00e3os&#13; &#13; Agrolink&#13; &#13; &#8211; Aline<\/p>\n","protected":false},"author":1,"featured_media":10332,"comment_status":"open","ping_status":"open","sticky":false,"template":"","format":"standard","meta":{"_monsterinsights_skip_tracking":false,"_monsterinsights_sitenote_active":false,"_monsterinsights_sitenote_note":"","_monsterinsights_sitenote_category":0,"_uf_show_specific_survey":0,"_uf_disable_surveys":false,"footnotes":""},"categories":[8,1,14],"tags":[],"class_list":["post-10331","post","type-post","status-publish","format-standard","has-post-thumbnail","hentry","category-agro","category-news","category-politica-agro"],"_links":{"self":[{"href":"https:\/\/agromt.news\/index.php?rest_route=\/wp\/v2\/posts\/10331"}],"collection":[{"href":"https:\/\/agromt.news\/index.php?rest_route=\/wp\/v2\/posts"}],"about":[{"href":"https:\/\/agromt.news\/index.php?rest_route=\/wp\/v2\/types\/post"}],"author":[{"embeddable":true,"href":"https:\/\/agromt.news\/index.php?rest_route=\/wp\/v2\/users\/1"}],"replies":[{"embeddable":true,"href":"https:\/\/agromt.news\/index.php?rest_route=%2Fwp%2Fv2%2Fcomments&post=10331"}],"version-history":[{"count":0,"href":"https:\/\/agromt.news\/index.php?rest_route=\/wp\/v2\/posts\/10331\/revisions"}],"wp:featuredmedia":[{"embeddable":true,"href":"https:\/\/agromt.news\/index.php?rest_route=\/wp\/v2\/media\/10332"}],"wp:attachment":[{"href":"https:\/\/agromt.news\/index.php?rest_route=%2Fwp%2Fv2%2Fmedia&parent=10331"}],"wp:term":[{"taxonomy":"category","embeddable":true,"href":"https:\/\/agromt.news\/index.php?rest_route=%2Fwp%2Fv2%2Fcategories&post=10331"},{"taxonomy":"post_tag","embeddable":true,"href":"https:\/\/agromt.news\/index.php?rest_route=%2Fwp%2Fv2%2Ftags&post=10331"}],"curies":[{"name":"wp","href":"https:\/\/api.w.org\/{rel}","templated":true}]}}