{"id":1032,"date":"2024-09-02T13:29:02","date_gmt":"2024-09-02T17:29:02","guid":{"rendered":"https:\/\/agromt.news\/?p=1032"},"modified":"2024-09-02T13:29:02","modified_gmt":"2024-09-02T17:29:02","slug":"edicao-de-retomada-mostra-forca-do-agro-gaucho-e-encerra-com-r-81-bilhoes-em-negocios","status":"publish","type":"post","link":"https:\/\/agromt.news\/?p=1032","title":{"rendered":"edi\u00e7\u00e3o de retomada mostra for\u00e7a do agro ga\u00facho e encerra com R$ 8,1 bilh\u00f5es em neg\u00f3cios"},"content":{"rendered":"<p> <br \/>\n<br \/><img decoding=\"async\" src=\"https:\/\/agromt.news\/wp-content\/uploads\/2024\/09\/edicao-de-retomada-mostra-forca-do-agro-gaucho-e-encerra.jpeg\" \/><\/p>\n<div>\n<p>A 47\u00aa Expointer, considerada a Expointer da retomada, ap\u00f3s a trag\u00e9dia meteorol\u00f3gica, mostrou a resili\u00eancia e perseveran\u00e7a do <a href=\"https:\/\/www.canalrural.com.br\/tag\/rio-grande-do-sul\/\">Rio Grande do Sul<\/a> ao bater recorde no volume de neg\u00f3cios. A feira movimentou R$ 8.100.265.792,24 em seus nove dias, n\u00famero 1,41% superior ao registrado no ano de 2023.<\/p>\n<p><em>Confira na palma da m\u00e3o informa\u00e7\u00f5es quentes sobre agricultura, pecu\u00e1ria, economia e previs\u00e3o do tempo:<\/em><a href=\"https:\/\/www.whatsapp.com\/channel\/0029Va9VnZxGk1FplZjiW43k\"><em> <\/em><strong>siga o Canal Rural no WhatsApp<\/strong><\/a>!<\/p>\n<p>O n\u00famero de visitantes foi de 662 mil at\u00e9 as 10h30 de domingo (1\u00ba\/9). As vendas e leil\u00f5es de animais tiveram um aumento de quase 50%, com R$ 18.985.280 comercializados. O Pavilh\u00e3o da Agricultura Familiar registrou recorde de vendas, chegando a R$ 10.880.097, n\u00famero superior em 25,44% ao do ano passado. O setor automobil\u00edstico tamb\u00e9m teve aumento de 25% no volume de vendas, ficando com R$ 592.045.000. M\u00e1quinas e Implementos Agr\u00edcolas registraram R$ 7,39 bilh\u00f5es em inten\u00e7\u00f5es de neg\u00f3cios, 0,57% a mais que em 2023.<\/p>\n<\/div>\n<div>\n<p>O governador Eduardo Leite destacou a recupera\u00e7\u00e3o do setor agropecu\u00e1rio, que contribui para a reconstru\u00e7\u00e3o do Estado. Os n\u00fameros por si s\u00f3 demonstram a import\u00e2ncia da realiza\u00e7\u00e3o desta feira. Mas essa edi\u00e7\u00e3o da Expointer tem um efeito moral no \u00e2nimo e na confian\u00e7a da nossa popula\u00e7\u00e3o, que nos d\u00e1 certeza de que estamos construindo um Estado ainda mais forte. Agrade\u00e7o a todos os copromotores que se somaram na decis\u00e3o do governo de realizar a feira, uma decis\u00e3o tomada ainda no momento mais cr\u00edtico da crise, e que mostra, diante desses resultados que alcan\u00e7amos, a for\u00e7a e a fibra dos nossos produtores\u201d, afirmou o governador Eduardo Leite.<\/p>\n<p>O secret\u00e1rio da Agricultura, Pecu\u00e1ria, Produ\u00e7\u00e3o Sustent\u00e1vel e Irriga\u00e7\u00e3o, Clair Kuhn, apresentou os n\u00fameros da Expointer e destacou o movimento de supera\u00e7\u00e3o que foi necess\u00e1rio para que ela se realizasse. O local onde estamos agora estava completamente inundado quando resolvemos continuar planejando a Expointer. A sociedade ga\u00facha mostrou que esta \u00e9 a feira da supera\u00e7\u00e3o, uma extraordin\u00e1ria demonstra\u00e7\u00e3o da for\u00e7a do Rio Grande do Sul, disse. A pr\u00f3xima edi\u00e7\u00e3o da Expointer j\u00e1 tem data definida: ser\u00e1 de 30 de agosto a 7 de setembro de 2025.<\/p>\n<p>O secret\u00e1rio de Desenvolvimento Rural, Vilson Covatti, destacou o perfil diversificado dos expositores desta edi\u00e7\u00e3o do Pavilh\u00e3o da Agricultura Familiar, que contou com 217 mulheres, 126 jovens e 69 estreantes entre os expositores. Muitas das pessoas que est\u00e3o aqui precisaram come\u00e7ar do zero, ap\u00f3s grandes perdas causadas pelas enchentes. A inclus\u00e3o, inova\u00e7\u00e3o e qualifica\u00e7\u00e3o s\u00e3o os pilares que guiam a cria\u00e7\u00e3o da agroind\u00fastria familiar ga\u00facha. Neste ano, celebramos 25 anos do pavilh\u00e3o, um marco hist\u00f3rico, repleto de lan\u00e7amentos que evidenciam a criatividade da nossa agroind\u00fastria familiar, destacou Covatti.<\/p>\n<p>A subsecret\u00e1ria do Parque de Exposi\u00e7\u00f5es Assis Brasil, Elisabeth Cirne-Lima, ressaltou que os n\u00fameros apresentados s\u00e3o um testemunho do trabalho dedicado \u00e0 realiza\u00e7\u00e3o de uma feira do porte da Expointer, logo ap\u00f3s a trag\u00e9dia meteorol\u00f3gica experimentada pelo Estado. Os n\u00fameros falam por n\u00f3s e mostram o que vemos, andando pelo Parque. Al\u00e9m do governo e dos copromotores, tivemos os parceiros de fora do Estado nos ajudando a fazer essa feira grande.<\/p>\n<\/div>\n<p><br \/>\n<br \/><a href=\"https:\/\/www.canalrural.com.br\/agricultura\/expointer-edicao-de-retomada-mostra-forca-do-agro-gaucho-e-encerra-com-r-81-bilhoes-em-negocios\/\">Source link <\/a><\/p>\n","protected":false},"excerpt":{"rendered":"<p>A 47\u00aa Expointer, considerada a Expointer da retomada, ap\u00f3s a trag\u00e9dia meteorol\u00f3gica, mostrou a resili\u00eancia e perseveran\u00e7a do Rio Grande<\/p>\n","protected":false},"author":1,"featured_media":1033,"comment_status":"open","ping_status":"open","sticky":false,"template":"","format":"standard","meta":{"_monsterinsights_skip_tracking":false,"_monsterinsights_sitenote_active":false,"_monsterinsights_sitenote_note":"","_monsterinsights_sitenote_category":0,"_uf_show_specific_survey":0,"_uf_disable_surveys":false,"footnotes":""},"categories":[1],"tags":[],"class_list":["post-1032","post","type-post","status-publish","format-standard","has-post-thumbnail","hentry","category-news"],"_links":{"self":[{"href":"https:\/\/agromt.news\/index.php?rest_route=\/wp\/v2\/posts\/1032"}],"collection":[{"href":"https:\/\/agromt.news\/index.php?rest_route=\/wp\/v2\/posts"}],"about":[{"href":"https:\/\/agromt.news\/index.php?rest_route=\/wp\/v2\/types\/post"}],"author":[{"embeddable":true,"href":"https:\/\/agromt.news\/index.php?rest_route=\/wp\/v2\/users\/1"}],"replies":[{"embeddable":true,"href":"https:\/\/agromt.news\/index.php?rest_route=%2Fwp%2Fv2%2Fcomments&post=1032"}],"version-history":[{"count":0,"href":"https:\/\/agromt.news\/index.php?rest_route=\/wp\/v2\/posts\/1032\/revisions"}],"wp:featuredmedia":[{"embeddable":true,"href":"https:\/\/agromt.news\/index.php?rest_route=\/wp\/v2\/media\/1033"}],"wp:attachment":[{"href":"https:\/\/agromt.news\/index.php?rest_route=%2Fwp%2Fv2%2Fmedia&parent=1032"}],"wp:term":[{"taxonomy":"category","embeddable":true,"href":"https:\/\/agromt.news\/index.php?rest_route=%2Fwp%2Fv2%2Fcategories&post=1032"},{"taxonomy":"post_tag","embeddable":true,"href":"https:\/\/agromt.news\/index.php?rest_route=%2Fwp%2Fv2%2Ftags&post=1032"}],"curies":[{"name":"wp","href":"https:\/\/api.w.org\/{rel}","templated":true}]}}