{"id":10274,"date":"2025-02-27T17:16:47","date_gmt":"2025-02-27T21:16:47","guid":{"rendered":"https:\/\/agromt.news\/?p=10274"},"modified":"2025-02-27T17:16:47","modified_gmt":"2025-02-27T21:16:47","slug":"sistema-faep-critica-ausencia-do-texto-do-marco-temporal-na-proposta-de","status":"publish","type":"post","link":"https:\/\/agromt.news\/?p=10274","title":{"rendered":"Sistema FAEP critica aus\u00eancia do texto do Marco Temporal na proposta de&#8230;"},"content":{"rendered":"<p> <br \/>\n<\/p>\n<div>\n<p>Ministro Gilmar Mendes pretende apresentar anteprojeto de lei com as mudan\u00e7as na lei ao plen\u00e1rio do Supremo<\/p>\n<div class=\"materia\">\n<p>Nesta segunda-feira (17), o Supremo Tribunal Federal (STF) iniciou o debate do texto proposto pelo ministro Gilmar Mendes para eventuais altera\u00e7\u00f5es na Lei do Marco Temporal, que trata da demarca\u00e7\u00e3o de terras ind\u00edgenas.\u00a0<a href=\"https:\/\/www.sistemafaep.org.br\/em-evento-em-guaira-politicos-e-setor-produtivo-cobram-medidas-contra-invasoes-no-oeste-do-parana\/\" rel=\"nofollow noreferrer noopener\" target=\"_blank\">Para o Sistema FAEP, o texto-base da Lei do Marco Temporal<\/a>\u00a0precisa ser utilizado como refer\u00eancia para a formula\u00e7\u00e3o da futura proposta de Mendes, que pretende apresentar um anteprojeto de lei ao plen\u00e1rio do Supremo.<\/p>\n<p>\u201cNossos produtores rurais est\u00e3o vivendo na total inseguran\u00e7a jur\u00eddica pelo fato de que a lei que j\u00e1 existe, foi votada no Congresso, aprovada por ampla maioria, n\u00e3o est\u00e1 sendo cumprida.\u00a0<a href=\"https:\/\/www.sistemafaep.org.br\/artigo-mas-quem-quer-vender-terra-agricola\/\" rel=\"nofollow noreferrer noopener\" target=\"_blank\">Qualquer texto que seja formulado para futura vota\u00e7\u00e3o precisa ter o Marco Temporal<\/a>\u00a0como base, pois \u00e9 a certeza de que o direito dos agricultores e pecuaristas, que est\u00e3o na terra produzindo alimentos h\u00e1 d\u00e9cadas, sejam cumpridos\u201d, destaca o presidente interino do Sistema FAEP, \u00c1gide Eduardo Meneguette.<\/p>\n<p>A ideia do ministro Gilmar Mendes \u00e9 apresentar ao plen\u00e1rio do STF um anteprojeto de lei com as mudan\u00e7as aprovadas na comiss\u00e3o. Se homologado pelo plen\u00e1rio, o texto vai \u00e0 vota\u00e7\u00e3o pelo Congresso.<\/p>\n<p><a href=\"https:\/\/www.sistemafaep.org.br\/posicionamento-faep-projeto-de-lei-2903-2023-marco-temporal\/\" rel=\"nofollow noreferrer noopener\" target=\"_blank\">H\u00e1 d\u00e9cadas, o Sistema FAEP pede o cumprimento do Marco Temporal<\/a>, que ratifica que as demarca\u00e7\u00f5es de terras ind\u00edgenas devem ser limitadas \u00e0 data da promulga\u00e7\u00e3o da Constitui\u00e7\u00e3o Federal (5 de outubro de 1988), para que os produtores rurais tenham seguran\u00e7a jur\u00eddica. No final de 2023, foi publicada a Lei 14.701, que ratifica o Marco Temporal.<\/p>\n<p>\u201cEssa discuss\u00e3o j\u00e1 ocorre h\u00e1 muito tempo. Precisamos chegar a uma solu\u00e7\u00e3o, mas que essa considere os diretos dos produtores rurais, que apenas querem continuar trabalhando e produzindo alimentos\u201d, destaca Meneguette.<\/p>\n<\/p><\/div>\n<div class=\"grupo-whatsapp\">\n      J\u00e1 segue nosso Canal oficial no WhatsApp? <a href=\"https:\/\/bit.ly\/Canal_NA\" target=\"_blank\" rel=\"noopener\"><strong>Clique Aqui<\/strong><\/a> para receber em primeira m\u00e3o as principais not\u00edcias do agroneg\u00f3cio\n    <\/div>\n<\/p><\/div>\n<p><script async defer src=\"https:\/\/connect.facebook.net\/en_US\/sdk.js\" type=\"059617a257e592f28243ef53-text\/javascript\"><\/script><script type=\"059617a257e592f28243ef53-text\/javascript\">\n  !function(f,b,e,v,n,t,s)\n  {if(f.fbq)return;n=f.fbq=function(){n.callMethod?\n    n.callMethod.apply(n,arguments):n.queue.push(arguments)};\n    if(!f._fbq)f._fbq=n;n.push=n;n.loaded=!0;n.version='2.0';\n    n.queue=[];t=b.createElement(e);t.async=!0;\n    t.src=v;s=b.getElementsByTagName(e)[0];\n    s.parentNode.insertBefore(t,s)}(window, document,'script',\n    'https:\/\/connect.facebook.net\/en_US\/fbevents.js');\n  fbq('init', '153495679422335');\n  fbq('track', 'PageView');\n<\/script><br \/>\n<br \/><br \/>\n<br \/><a href=\"https:\/\/www.noticiasagricolas.com.br\/noticias\/agronegocio\/394579-sistema-faep-critica-ausencia-do-texto-do-marco-temporal-na-proposta-de-conciliacao-do-stf.html\">Source link <\/a><\/p>\n","protected":false},"excerpt":{"rendered":"<p>Ministro Gilmar Mendes pretende apresentar anteprojeto de lei com as mudan\u00e7as na lei ao plen\u00e1rio do Supremo Nesta segunda-feira (17),<\/p>\n","protected":false},"author":1,"featured_media":10275,"comment_status":"open","ping_status":"open","sticky":false,"template":"","format":"standard","meta":{"_monsterinsights_skip_tracking":false,"_monsterinsights_sitenote_active":false,"_monsterinsights_sitenote_note":"","_monsterinsights_sitenote_category":0,"_uf_show_specific_survey":0,"_uf_disable_surveys":false,"footnotes":""},"categories":[8,1,14,16],"tags":[],"class_list":["post-10274","post","type-post","status-publish","format-standard","has-post-thumbnail","hentry","category-agro","category-news","category-politica-agro","category-safra"],"_links":{"self":[{"href":"https:\/\/agromt.news\/index.php?rest_route=\/wp\/v2\/posts\/10274"}],"collection":[{"href":"https:\/\/agromt.news\/index.php?rest_route=\/wp\/v2\/posts"}],"about":[{"href":"https:\/\/agromt.news\/index.php?rest_route=\/wp\/v2\/types\/post"}],"author":[{"embeddable":true,"href":"https:\/\/agromt.news\/index.php?rest_route=\/wp\/v2\/users\/1"}],"replies":[{"embeddable":true,"href":"https:\/\/agromt.news\/index.php?rest_route=%2Fwp%2Fv2%2Fcomments&post=10274"}],"version-history":[{"count":0,"href":"https:\/\/agromt.news\/index.php?rest_route=\/wp\/v2\/posts\/10274\/revisions"}],"wp:featuredmedia":[{"embeddable":true,"href":"https:\/\/agromt.news\/index.php?rest_route=\/wp\/v2\/media\/10275"}],"wp:attachment":[{"href":"https:\/\/agromt.news\/index.php?rest_route=%2Fwp%2Fv2%2Fmedia&parent=10274"}],"wp:term":[{"taxonomy":"category","embeddable":true,"href":"https:\/\/agromt.news\/index.php?rest_route=%2Fwp%2Fv2%2Fcategories&post=10274"},{"taxonomy":"post_tag","embeddable":true,"href":"https:\/\/agromt.news\/index.php?rest_route=%2Fwp%2Fv2%2Ftags&post=10274"}],"curies":[{"name":"wp","href":"https:\/\/api.w.org\/{rel}","templated":true}]}}