{"id":10272,"date":"2025-02-27T17:05:34","date_gmt":"2025-02-27T21:05:34","guid":{"rendered":"https:\/\/agromt.news\/?p=10272"},"modified":"2025-02-27T17:05:34","modified_gmt":"2025-02-27T21:05:34","slug":"fatores-externos-seguem-influenciando-os-mercados","status":"publish","type":"post","link":"https:\/\/agromt.news\/?p=10272","title":{"rendered":"Fatores externos seguem influenciando os mercados"},"content":{"rendered":"<p> <br \/>\n<\/p>\n<div>\n<p>Segundo an\u00e1lise do Rabobank, fatores externos continuam influenciando os mercados. O presidente dos EUA, Donald Trump, ordenou que seu governo avalie tarifas rec\u00edprocas contra parceiros comerciais nas pr\u00f3ximas semanas, em uma tentativa de reequilibrar rela\u00e7\u00f5es comerciais.\u00a0&#13;\n<\/p>\n<p>Al\u00e9m disso, o presidente do Fed, Jerome Powell, refor\u00e7ou o tom hawkish da ata do banco central, indicando que n\u00e3o h\u00e1 pressa para reduzir os juros, diante de uma economia ainda aquecida. O n\u00facleo do CPI dos EUA avan\u00e7ou 0,4% m\/m, acima da expectativa de 0,3%, fortalecendo a percep\u00e7\u00e3o de manuten\u00e7\u00e3o da pol\u00edtica monet\u00e1ria restritiva. \u00a0<\/p>\n<p>No Brasil, o presidente do Banco Central destacou que os juros est\u00e3o em n\u00edvel restritivo, enquanto os \u00faltimos indicadores mostram desacelera\u00e7\u00e3o econ\u00f4mica. O IBC-Br de dezembro caiu 0,7% m\/m, pior que a proje\u00e7\u00e3o do mercado de -0,4%. No acumulado de 2024, o crescimento foi de 3,8%, superior ao avan\u00e7o de 2,7% em 2023. O setor de servi\u00e7os caiu 0,5% m\/m, mas encerrou o ano com alta de 3,1%, com destaque negativo para o segmento de transportes, impactado pela menor safra de gr\u00e3os. J\u00e1 o varejo ampliado retraiu 1,1% m\/m em dezembro, mas cresceu 4,1% no ano. \u00a0&#13;\n<\/p>\n<p>O d\u00f3lar fechou a semana anterior em R$ 5,7306, com uma desvaloriza\u00e7\u00e3o semanal de 0,6% do real, a segunda pior entre 24 moedas emergentes. O Rabobank avalia que as tarifas anunciadas por Trump podem ser parte de uma estrat\u00e9gia de negocia\u00e7\u00e3o, mas o cen\u00e1rio global incerto e a pol\u00edtica monet\u00e1ria dos EUA manter\u00e3o o real sob press\u00e3o. Para 2025, a proje\u00e7\u00e3o \u00e9 que o d\u00f3lar termine o ano a R$ 5,94. \u00a0<\/p>\n<p>A pr\u00f3xima semana ser\u00e1 movimentada, com a divulga\u00e7\u00e3o do IPCA-15, esperado em 1,33% m\/m (5,07% a\/a), al\u00e9m dos dados fiscais do Governo Central e do mercado de trabalho. No cen\u00e1rio externo, destaque para os indicadores de atividade no Chile e a infla\u00e7\u00e3o do Peru.<br \/>&#13;<br \/>\n\u00a0&#13;\n<\/p>\n<\/p><\/div>\n<p><script data-cfasync=\"false\">\n    !function (f, b, e, v, n, t, s) {\n        if (f.fbq) return; n = f.fbq = function () {\n            n.callMethod ?\n                n.callMethod.apply(n, arguments) : n.queue.push(arguments)\n        };\n        if (!f._fbq) f._fbq = n; n.push = n; n.loaded = !0; n.version = '2.0';\n        n.queue = []; t = b.createElement(e); t.async = !0;\n        t.src = v; s = b.getElementsByTagName(e)[0];\n        s.parentNode.insertBefore(t, s)\n    }(window, document, 'script',\n        'https:\/\/connect.facebook.net\/en_US\/fbevents.js');\n    fbq('init', '522546078623747');\n    fbq('track', 'PageView');\n<\/script><br \/>\n<br \/><br \/>\n<br \/><a href=\"https:\/\/www.agrolink.com.br\/noticias\/fatores-externos-seguem-influenciando-os-mercados_499735.html\">Source link <\/a><\/p>\n","protected":false},"excerpt":{"rendered":"<p>Segundo an\u00e1lise do Rabobank, fatores externos continuam influenciando os mercados. O presidente dos EUA, Donald Trump, ordenou que seu governo<\/p>\n","protected":false},"author":1,"featured_media":8053,"comment_status":"open","ping_status":"open","sticky":false,"template":"","format":"standard","meta":{"_monsterinsights_skip_tracking":false,"_monsterinsights_sitenote_active":false,"_monsterinsights_sitenote_note":"","_monsterinsights_sitenote_category":0,"_uf_show_specific_survey":0,"_uf_disable_surveys":false,"footnotes":""},"categories":[8,1,14],"tags":[],"class_list":["post-10272","post","type-post","status-publish","format-standard","has-post-thumbnail","hentry","category-agro","category-news","category-politica-agro"],"_links":{"self":[{"href":"https:\/\/agromt.news\/index.php?rest_route=\/wp\/v2\/posts\/10272"}],"collection":[{"href":"https:\/\/agromt.news\/index.php?rest_route=\/wp\/v2\/posts"}],"about":[{"href":"https:\/\/agromt.news\/index.php?rest_route=\/wp\/v2\/types\/post"}],"author":[{"embeddable":true,"href":"https:\/\/agromt.news\/index.php?rest_route=\/wp\/v2\/users\/1"}],"replies":[{"embeddable":true,"href":"https:\/\/agromt.news\/index.php?rest_route=%2Fwp%2Fv2%2Fcomments&post=10272"}],"version-history":[{"count":0,"href":"https:\/\/agromt.news\/index.php?rest_route=\/wp\/v2\/posts\/10272\/revisions"}],"wp:featuredmedia":[{"embeddable":true,"href":"https:\/\/agromt.news\/index.php?rest_route=\/wp\/v2\/media\/8053"}],"wp:attachment":[{"href":"https:\/\/agromt.news\/index.php?rest_route=%2Fwp%2Fv2%2Fmedia&parent=10272"}],"wp:term":[{"taxonomy":"category","embeddable":true,"href":"https:\/\/agromt.news\/index.php?rest_route=%2Fwp%2Fv2%2Fcategories&post=10272"},{"taxonomy":"post_tag","embeddable":true,"href":"https:\/\/agromt.news\/index.php?rest_route=%2Fwp%2Fv2%2Ftags&post=10272"}],"curies":[{"name":"wp","href":"https:\/\/api.w.org\/{rel}","templated":true}]}}