{"id":10265,"date":"2025-02-27T15:08:32","date_gmt":"2025-02-27T19:08:32","guid":{"rendered":"https:\/\/agromt.news\/?p=10265"},"modified":"2025-02-27T15:08:32","modified_gmt":"2025-02-27T19:08:32","slug":"quinta-onda-de-calor-tem-area-de-atuacao-ampliada-veja-as-regioes-que-serao-mais-afetadas","status":"publish","type":"post","link":"https:\/\/agromt.news\/?p=10265","title":{"rendered":"Quinta onda de calor tem \u00e1rea de atua\u00e7\u00e3o ampliada; veja as regi\u00f5es que ser\u00e3o mais afetadas"},"content":{"rendered":"<p> <br \/>\n<\/p>\n<div>\n<p>A quinta onda de calor de 2025 come\u00e7a a se estabelecer no Brasil a partir desta sexta-feira (28) e deve se estender at\u00e9, pelo menos, 6 de mar\u00e7o.<\/p>\n<p>A novidade \u00e9 que os meteorologistas da Climatempo atualizaram a \u00e1rea de atua\u00e7\u00e3o do fen\u00f4meno, estendendo-o para o sudoeste e sul de Mato Grosso do Sul na \u00e1rea em vermelho (temperaturas de 5\u00b0C a 7\u00b0 acima da m\u00e9dia climatol\u00f3gica para o per\u00edodo). <\/p>\n<p>Na atualiza\u00e7\u00e3o, conforme o mapa abaixo, os term\u00f4metros estar\u00e3o mais elevados em \u00e1reas dos seguintes estados: <strong><a href=\"https:\/\/www.canalrural.com.br\/nacional\/rio-grande-do-sul\/\">Rio Grande do Sul<\/a><\/strong>, Santa Catarina, Paran\u00e1, S\u00e3o Paulo, Minas Gerais, Goi\u00e1s e Mato Grosso do Sul.<\/p>\n<\/div>\n<div>\n<figure class=\"wp-block-image size-large\"><img fetchpriority=\"high\" decoding=\"async\" width=\"1024\" height=\"576\" alt=\"Atualiza\u00e7\u00e3o da 5\u00aa onda de calor\" class=\"wp-image-4089655\"  data-lazy- src=\"https:\/\/agromt.news\/wp-content\/uploads\/2025\/02\/Quinta-onda-de-calor-tem-area-de-atuacao-ampliada-veja.jpeg\"\/><img decoding=\"async\" width=\"1024\" height=\"576\" src=\"https:\/\/agromt.news\/wp-content\/uploads\/2025\/02\/Quinta-onda-de-calor-tem-area-de-atuacao-ampliada-veja.jpeg\" alt=\"Atualiza\u00e7\u00e3o da 5\u00aa onda de calor\" class=\"wp-image-4089655\"  \/><figcaption class=\"wp-element-caption\">Foto: Climatempo<\/figcaption><\/figure>\n<p>A previs\u00e3o \u00e9 que a onda de calor intensifique a circula\u00e7\u00e3o do ar de cima para baixo, inibindo a forma\u00e7\u00e3o de nuvens e favorecendo o aumento das temperaturas de maneira mais expressiva ao longo dos pr\u00f3ximos dias.<\/p>\n<p>J\u00e1 as \u00e1reas em laranja do mapa, abrangendo partes de partes de Rio Grande do Sul, Paran\u00e1, Mato Grosso do Sul, Goi\u00e1s, Distrito Federal, Minas Gerais, Rio de Janeiro, Bahia, Tocantins, Pernambuco e Cear\u00e1 ter\u00e3o temperaturas entre <strong>3\u00b0C e 5\u00b0C <\/strong>acima da m\u00e9dia hist\u00f3rica de mar\u00e7o. <\/p>\n<\/p><\/div>\n<p><br \/>\n<br \/><a href=\"https:\/\/www.canalrural.com.br\/tempo\/quinta-onda-de-calor-tem-area-de-atuacao-ampliada-veja-as-regioes-que-serao-mais-afetadas\/\">Source link <\/a><\/p>\n","protected":false},"excerpt":{"rendered":"<p>A quinta onda de calor de 2025 come\u00e7a a se estabelecer no Brasil a partir desta sexta-feira (28) e deve<\/p>\n","protected":false},"author":1,"featured_media":10023,"comment_status":"open","ping_status":"open","sticky":false,"template":"","format":"standard","meta":{"_monsterinsights_skip_tracking":false,"_monsterinsights_sitenote_active":false,"_monsterinsights_sitenote_note":"","_monsterinsights_sitenote_category":0,"_uf_show_specific_survey":0,"_uf_disable_surveys":false,"footnotes":""},"categories":[1],"tags":[],"class_list":["post-10265","post","type-post","status-publish","format-standard","has-post-thumbnail","hentry","category-news"],"_links":{"self":[{"href":"https:\/\/agromt.news\/index.php?rest_route=\/wp\/v2\/posts\/10265"}],"collection":[{"href":"https:\/\/agromt.news\/index.php?rest_route=\/wp\/v2\/posts"}],"about":[{"href":"https:\/\/agromt.news\/index.php?rest_route=\/wp\/v2\/types\/post"}],"author":[{"embeddable":true,"href":"https:\/\/agromt.news\/index.php?rest_route=\/wp\/v2\/users\/1"}],"replies":[{"embeddable":true,"href":"https:\/\/agromt.news\/index.php?rest_route=%2Fwp%2Fv2%2Fcomments&post=10265"}],"version-history":[{"count":0,"href":"https:\/\/agromt.news\/index.php?rest_route=\/wp\/v2\/posts\/10265\/revisions"}],"wp:featuredmedia":[{"embeddable":true,"href":"https:\/\/agromt.news\/index.php?rest_route=\/wp\/v2\/media\/10023"}],"wp:attachment":[{"href":"https:\/\/agromt.news\/index.php?rest_route=%2Fwp%2Fv2%2Fmedia&parent=10265"}],"wp:term":[{"taxonomy":"category","embeddable":true,"href":"https:\/\/agromt.news\/index.php?rest_route=%2Fwp%2Fv2%2Fcategories&post=10265"},{"taxonomy":"post_tag","embeddable":true,"href":"https:\/\/agromt.news\/index.php?rest_route=%2Fwp%2Fv2%2Ftags&post=10265"}],"curies":[{"name":"wp","href":"https:\/\/api.w.org\/{rel}","templated":true}]}}